{"id":22012,"date":"2026-04-27T06:47:13","date_gmt":"2026-04-27T10:47:13","guid":{"rendered":"https:\/\/nazarenonews.com.br\/?p=22012"},"modified":"2026-04-27T10:01:27","modified_gmt":"2026-04-27T14:01:27","slug":"adolescente-de-13-anos-morre-por-meningite-em-sinop-caso-e-o-3o-este-mes-em-mt","status":"publish","type":"post","link":"https:\/\/nazarenonews.com.br\/index.php\/2026\/04\/27\/adolescente-de-13-anos-morre-por-meningite-em-sinop-caso-e-o-3o-este-mes-em-mt\/","title":{"rendered":"Adolescente de 13 anos morre por meningite em Sinop; caso \u00e9 o 3\u00ba este m\u00eas em MT"},"content":{"rendered":"\n<p>A adolescente Izabela Vit\u00f3ria Oliveira Pinto, de 13 anos, morreu nesse s\u00e1bado (25), em Sinop (a 480 km de Cuiab\u00e1), ap\u00f3s complica\u00e7\u00f5es de meningite. Ela ficou mais de nove dias internada em estado grav\u00edssimo, chegou a ser entubada, mas n\u00e3o resistiu. O sepultamento ocorreu na manh\u00e3 deste domingo (26), no cemit\u00e9rio municipal.<\/p>\n\n\n\n<p>Izabela era tia de Cec\u00edlia Emanuelle Oliveira de Mello, de 5 anos, que tamb\u00e9m morreu dias antes, em 17 de abril, com quadro compat\u00edvel com meningite bacteriana. Ap\u00f3s a morte da crian\u00e7a, escolas chegaram a suspender as aulas temporariamente para ado\u00e7\u00e3o de medidas sanit\u00e1rias.<\/p>\n\n\n\n<p>Outros casos recentes refor\u00e7am o alerta das autoridades. Em Sorriso (a 397 km de Cuiab\u00e1), a Secretaria Municipal de Sa\u00fade confirmou a morte de uma mulher de 40 anos em decorr\u00eancia da doen\u00e7a. O \u00f3bito ocorreu no dia 19 de mar\u00e7o de 2026, em um hospital de Lucas do Rio Verde. A paciente morava na Comunidade Moroc\u00f3, na zona rural do munic\u00edpio. Segundo a Prefeitura, esse caso n\u00e3o tem rela\u00e7\u00e3o com os registros de Sinop.<\/p>\n\n\n\n<p>Ainda em Sorriso, tamb\u00e9m \u00e9 investigada a morte de uma mulher de 36 anos, que faleceu em 1\u00ba de abril ap\u00f3s ser internada em Alta Floresta. H\u00e1 ainda outros casos suspeitos em apura\u00e7\u00e3o.<\/p>\n\n\n\n<p>Com a sequ\u00eancia de ocorr\u00eancias em curto per\u00edodo, a regi\u00e3o norte de Mato Grosso passou a ser monitorada com mais aten\u00e7\u00e3o pelas autoridades de sa\u00fade.<\/p>\n\n\n\n<p>Rep\u00f3rter MT<\/p>\n","protected":false},"excerpt":{"rendered":"<p>A adolescente Izabela Vit\u00f3ria Oliveira Pinto, de 13 anos, morreu nesse s\u00e1bado (25), em Sinop (a 480 km de Cuiab\u00e1), ap\u00f3s complica\u00e7\u00f5es de meningite. Ela ficou mais de nove dias internada em estado grav\u00edssimo, chegou a ser entubada, mas n\u00e3o resistiu. O sepultamento ocorreu na manh\u00e3 deste domingo (26), no cemit\u00e9rio municipal. Izabela era tia [&hellip;]<\/p>\n","protected":false},"author":2,"featured_media":22025,"comment_status":"closed","ping_status":"closed","sticky":false,"template":"","format":"standard","meta":{"_monsterinsights_skip_tracking":false,"_monsterinsights_sitenote_active":false,"_monsterinsights_sitenote_note":"","_monsterinsights_sitenote_category":0,"footnotes":""},"categories":[51,1],"tags":[],"_links":{"self":[{"href":"https:\/\/nazarenonews.com.br\/index.php\/wp-json\/wp\/v2\/posts\/22012"}],"collection":[{"href":"https:\/\/nazarenonews.com.br\/index.php\/wp-json\/wp\/v2\/posts"}],"about":[{"href":"https:\/\/nazarenonews.com.br\/index.php\/wp-json\/wp\/v2\/types\/post"}],"author":[{"embeddable":true,"href":"https:\/\/nazarenonews.com.br\/index.php\/wp-json\/wp\/v2\/users\/2"}],"replies":[{"embeddable":true,"href":"https:\/\/nazarenonews.com.br\/index.php\/wp-json\/wp\/v2\/comments?post=22012"}],"version-history":[{"count":1,"href":"https:\/\/nazarenonews.com.br\/index.php\/wp-json\/wp\/v2\/posts\/22012\/revisions"}],"predecessor-version":[{"id":22014,"href":"https:\/\/nazarenonews.com.br\/index.php\/wp-json\/wp\/v2\/posts\/22012\/revisions\/22014"}],"wp:featuredmedia":[{"embeddable":true,"href":"https:\/\/nazarenonews.com.br\/index.php\/wp-json\/wp\/v2\/media\/22025"}],"wp:attachment":[{"href":"https:\/\/nazarenonews.com.br\/index.php\/wp-json\/wp\/v2\/media?parent=22012"}],"wp:term":[{"taxonomy":"category","embeddable":true,"href":"https:\/\/nazarenonews.com.br\/index.php\/wp-json\/wp\/v2\/categories?post=22012"},{"taxonomy":"post_tag","embeddable":true,"href":"https:\/\/nazarenonews.com.br\/index.php\/wp-json\/wp\/v2\/tags?post=22012"}],"curies":[{"name":"wp","href":"https:\/\/api.w.org\/{rel}","templated":true}]}}