{"id":22006,"date":"2026-04-27T06:40:59","date_gmt":"2026-04-27T10:40:59","guid":{"rendered":"https:\/\/nazarenonews.com.br\/?p=22006"},"modified":"2026-04-27T10:08:29","modified_gmt":"2026-04-27T14:08:29","slug":"doenca-silenciosa-hipertensao-esta-ligada-a-milhares-de-mortes-em-mt-e-no-brasil","status":"publish","type":"post","link":"https:\/\/nazarenonews.com.br\/index.php\/2026\/04\/27\/doenca-silenciosa-hipertensao-esta-ligada-a-milhares-de-mortes-em-mt-e-no-brasil\/","title":{"rendered":"Doen\u00e7a silenciosa, hipertens\u00e3o est\u00e1 ligada a milhares de mortes em MT e no Brasil"},"content":{"rendered":"\n<p>A hipertens\u00e3o arterial \u00e9 uma doen\u00e7a silenciosa que, na maioria das vezes, s\u00f3 \u00e9 diagnosticada quando surgem os primeiros sinais e sintomas, fase em que os \u00f3rg\u00e3os j\u00e1 podem estar comprometidos. Para alertar sobre os riscos e a import\u00e2ncia da preven\u00e7\u00e3o, o dia&nbsp;<strong>26 de abril&nbsp;<\/strong>\u00e9 lembrado como o<strong>&nbsp;Dia Nacional de Preven\u00e7\u00e3o e Combate \u00e0 Hipertens\u00e3o Arterial,&nbsp;<\/strong>conhecida como press\u00e3o alta.<\/p>\n\n\n\n<p>A condi\u00e7\u00e3o \u00e9 um dos principais fatores de risco para doen\u00e7as cardiovasculares graves, como o infarto do mioc\u00e1rdio e o acidente vascular cerebral (AVC), conhecido como derrame cerebral.&nbsp;<strong>Em 2025, Mato Grosso<\/strong>&nbsp;registrou 4.635 mortes relacionadas a infarto, AVC e insufici\u00eancia card\u00edaca,&nbsp;segundo dados do Minist\u00e9rio da Sa\u00fade.<\/p>\n\n\n\n<p><strong>\u201cQuando n\u00f3s falamos sobre infarto e derrame, temos que lembrar que s\u00e3o doen\u00e7as onde o tempo \u00e9 vida. Quanto antes fizermos o diagn\u00f3stico e iniciarmos o tratamento, maiores s\u00e3o as chances de salvar vidas\u201d, afirma.<\/strong><\/p>\n\n\n\n<p>No cen\u00e1rio nacional, foram contabilizadas 156.981 mortes por infarto e 130.963 por AVC, de acordo com levantamento da Organiza\u00e7\u00e3o Nacional de Acredita\u00e7\u00e3o (ONA), com base no Sistema de Informa\u00e7\u00f5es sobre Mortalidade (SIM), do Minist\u00e9rio da Sa\u00fade.<\/p>\n\n\n\n<p>O m\u00e9dico intensivista e membro da ONA,\u00a0<strong>F\u00e1bio Bas\u00edlio<\/strong>, destacou que a hipertens\u00e3o \u00e9 um fator de risco modific\u00e1vel, o que permite reduzir significativamente a chance de complica\u00e7\u00f5es quando h\u00e1 controle adequado da press\u00e3o arterial.<\/p>\n\n\n\n<p>A jornalista<strong>\u00a0Fernanda Marques Dorta de Oliveira,<\/strong>\u00a0de 39 anos, foi diagnosticada com hipertens\u00e3o aos 28 anos, durante uma consulta com um m\u00e9dico gastroenterologista, ap\u00f3s relatar dores estomacais.<\/p>\n\n\n\n<p><strong>\u201cFui \u00e0 consulta porque estava com muita dor de est\u00f4mago, e ele aferiu minha press\u00e3o e viu que estava alta. Como eu tenho hist\u00f3rico na fam\u00edlia, ele me encaminhou ao cardiologista\u201d, relata.<\/strong><\/p>\n\n\n\n<p>Na \u00e9poca, Fernanda j\u00e1 apresentava sintomas como dores de cabe\u00e7a, desconforto estomacal, irrita\u00e7\u00e3o e suor excessivo. Mais tarde, durante a gesta\u00e7\u00e3o, ela precisou de acompanhamento mais rigoroso e acabou desenvolvendo um quadro de pr\u00e9-ecl\u00e2mpsia, que resultou em parto prematuro.<\/p>\n\n\n\n<p>O m\u00e9dico ainda chamou a aten\u00e7\u00e3o para sinais como dor ou press\u00e3o no peito, queima\u00e7\u00e3o e dor abdominal que podem indicar um quadro de infarto, enquanto perda s\u00fabita de for\u00e7a em um dos lados do corpo, fala enrolada e desvio na face podem ser sinais de AVC. Ele refor\u00e7ou que, nesses casos, \u00e9\u00a0fundamental buscar atendimento m\u00e9dico imediato, pois o tratamento precoce melhora os resultados.<\/p>\n\n\n\n<p>g1-MT<\/p>\n\n\n\n<p><\/p>\n","protected":false},"excerpt":{"rendered":"<p>A hipertens\u00e3o arterial \u00e9 uma doen\u00e7a silenciosa que, na maioria das vezes, s\u00f3 \u00e9 diagnosticada quando surgem os primeiros sinais e sintomas, fase em que os \u00f3rg\u00e3os j\u00e1 podem estar comprometidos. Para alertar sobre os riscos e a import\u00e2ncia da preven\u00e7\u00e3o, o dia&nbsp;26 de abril&nbsp;\u00e9 lembrado como o&nbsp;Dia Nacional de Preven\u00e7\u00e3o e Combate \u00e0 Hipertens\u00e3o [&hellip;]<\/p>\n","protected":false},"author":2,"featured_media":22027,"comment_status":"closed","ping_status":"closed","sticky":false,"template":"","format":"standard","meta":{"_monsterinsights_skip_tracking":false,"_monsterinsights_sitenote_active":false,"_monsterinsights_sitenote_note":"","_monsterinsights_sitenote_category":0,"footnotes":""},"categories":[1],"tags":[],"_links":{"self":[{"href":"https:\/\/nazarenonews.com.br\/index.php\/wp-json\/wp\/v2\/posts\/22006"}],"collection":[{"href":"https:\/\/nazarenonews.com.br\/index.php\/wp-json\/wp\/v2\/posts"}],"about":[{"href":"https:\/\/nazarenonews.com.br\/index.php\/wp-json\/wp\/v2\/types\/post"}],"author":[{"embeddable":true,"href":"https:\/\/nazarenonews.com.br\/index.php\/wp-json\/wp\/v2\/users\/2"}],"replies":[{"embeddable":true,"href":"https:\/\/nazarenonews.com.br\/index.php\/wp-json\/wp\/v2\/comments?post=22006"}],"version-history":[{"count":1,"href":"https:\/\/nazarenonews.com.br\/index.php\/wp-json\/wp\/v2\/posts\/22006\/revisions"}],"predecessor-version":[{"id":22008,"href":"https:\/\/nazarenonews.com.br\/index.php\/wp-json\/wp\/v2\/posts\/22006\/revisions\/22008"}],"wp:featuredmedia":[{"embeddable":true,"href":"https:\/\/nazarenonews.com.br\/index.php\/wp-json\/wp\/v2\/media\/22027"}],"wp:attachment":[{"href":"https:\/\/nazarenonews.com.br\/index.php\/wp-json\/wp\/v2\/media?parent=22006"}],"wp:term":[{"taxonomy":"category","embeddable":true,"href":"https:\/\/nazarenonews.com.br\/index.php\/wp-json\/wp\/v2\/categories?post=22006"},{"taxonomy":"post_tag","embeddable":true,"href":"https:\/\/nazarenonews.com.br\/index.php\/wp-json\/wp\/v2\/tags?post=22006"}],"curies":[{"name":"wp","href":"https:\/\/api.w.org\/{rel}","templated":true}]}}