{"id":22003,"date":"2026-04-26T15:19:03","date_gmt":"2026-04-26T19:19:03","guid":{"rendered":"https:\/\/nazarenonews.com.br\/?p=22003"},"modified":"2026-04-26T15:19:03","modified_gmt":"2026-04-26T19:19:03","slug":"namoro-pode-custar-caro-justica-reconhece-uniao-estavel-mesmo-de-casal-morando-separado","status":"publish","type":"post","link":"https:\/\/nazarenonews.com.br\/index.php\/2026\/04\/26\/namoro-pode-custar-caro-justica-reconhece-uniao-estavel-mesmo-de-casal-morando-separado\/","title":{"rendered":"Namoro pode custar caro: Justi\u00e7a reconhece uni\u00e3o est\u00e1vel mesmo de casal morando separado"},"content":{"rendered":"\n<p><br>Uma mudan\u00e7a no entendimento da Justi\u00e7a brasileira est\u00e1 transformando a forma como relacionamentos s\u00e3o interpretados e pode atingir diretamente o patrim\u00f4nio de milhares de pessoas.<\/p>\n\n\n\n<p><br>A antiga ideia de que a uni\u00e3o est\u00e1vel s\u00f3 existe quando o casal divide o mesmo teto ficou para tr\u00e1s. Decis\u00f5es judiciais v\u00eam consolidando um novo cen\u00e1rio em que n\u00e3o \u00e9 necess\u00e1rio morar junto para que um relacionamento produza efeitos jur\u00eddicos relevantes.<\/p>\n\n\n\n<p><br>Na pr\u00e1tica, isso significa que rela\u00e7\u00f5es sem contrato ou conviv\u00eancia sob o mesmo endere\u00e7o podem ser reconhecidas como entidade familiar com consequ\u00eancias financeiras.<\/p>\n\n\n\n<p><br><strong>O que caracteriza uma uni\u00e3o est\u00e1vel hoje<\/strong><\/p>\n\n\n\n<p><br>De acordo com o C\u00f3digo Civil, a uni\u00e3o est\u00e1vel se configura quando h\u00e1 conviv\u00eancia p\u00fablica, rela\u00e7\u00e3o cont\u00ednua, v\u00ednculo duradouro e inten\u00e7\u00e3o de constituir fam\u00edlia.<\/p>\n\n\n\n<p><br>O fator determinante deixou de ser a coabita\u00e7\u00e3o. O que pesa \u00e9 a forma como o relacionamento se apresenta socialmente.<\/p>\n\n\n\n<p><br>Se o casal \u00e9 visto como uma unidade, mant\u00e9m rotina compartilhada e demonstra estabilidade, isso pode ser suficiente para o reconhecimento jur\u00eddico da uni\u00e3o.<\/p>\n\n\n\n<p><strong>A nova realidade<\/strong><\/p>\n\n\n\n<p><br>Esse entendimento j\u00e1 vinha sendo consolidado ao longo dos anos e ganhou for\u00e7a com interpreta\u00e7\u00f5es baseadas na S\u00famula 382 do STF, que afasta a obrigatoriedade da vida sob o mesmo teto.<\/p>\n\n\n\n<p><br>Na pr\u00e1tica, relacionamentos com viagens frequentes, presen\u00e7a em eventos sociais, exposi\u00e7\u00e3o p\u00fablica como casal e conviv\u00eancia regular podem ser interpretados como uni\u00e3o est\u00e1vel, mesmo com resid\u00eancias separadas.<\/p>\n\n\n\n<p><strong>Impactos no patrim\u00f4nio<\/strong><\/p>\n\n\n\n<p><br>O reconhecimento da uni\u00e3o est\u00e1vel pode gerar efeitos jur\u00eddicos como divis\u00e3o de bens adquiridos durante a rela\u00e7\u00e3o, possibilidade de pens\u00e3o aliment\u00edcia e direito \u00e0 heran\u00e7a.<\/p>\n\n\n\n<p><br>Muitas pessoas s\u00f3 tomam conhecimento dessa realidade quando j\u00e1 est\u00e3o inseridas em disputas judiciais, em situa\u00e7\u00f5es de ruptura.<\/p>\n\n\n\n<p><br><strong>A din\u00e2mica dos relacionamentos modernos<\/strong><\/p>\n\n\n\n<p><br>Especialistas apontam um desalinhamento entre a percep\u00e7\u00e3o das pessoas e o entendimento jur\u00eddico.<\/p>\n\n\n\n<p><br>Em um cen\u00e1rio de rela\u00e7\u00f5es mais flex\u00edveis e menos formais, cresce o n\u00famero de casos em que uma das partes tem a uni\u00e3o est\u00e1vel reconhecida judicialmente.<\/p>\n\n\n\n<p><strong>Conclus\u00e3o<\/strong><\/p>\n\n\n\n<p><br>A ideia de que manter resid\u00eancias separadas garante aus\u00eancia de v\u00ednculo jur\u00eddico n\u00e3o corresponde mais ao entendimento consolidado.<\/p>\n\n\n\n<p><br>Hoje, o que define uma uni\u00e3o est\u00e1vel \u00e9 a forma como o relacionamento \u00e9 vivido e reconhecido socialmente.<\/p>\n\n\n\n<p><br>Ignorar essa mudan\u00e7a pode gerar consequ\u00eancias jur\u00eddicas relevantes.<\/p>\n\n\n\n<p><strong>Andr\u00e9ia Barros M\u00fcller Coutinho<\/strong>\u00a0\u00e9 advogada, cofundadora e CEO da M\u00fcller Coutinho Advocacia (fundada em 2010). Especialista em Direito de Fam\u00edlia e Direito Ambiental, com atua\u00e7\u00e3o no contencioso e administrativo. \u00c9 colunista jur\u00eddica da Folha do Estado.<\/p>\n\n\n\n<p><\/p>\n","protected":false},"excerpt":{"rendered":"<p>Uma mudan\u00e7a no entendimento da Justi\u00e7a brasileira est\u00e1 transformando a forma como relacionamentos s\u00e3o interpretados e pode atingir diretamente o patrim\u00f4nio de milhares de pessoas. A antiga ideia de que a uni\u00e3o est\u00e1vel s\u00f3 existe quando o casal divide o mesmo teto ficou para tr\u00e1s. Decis\u00f5es judiciais v\u00eam consolidando um novo cen\u00e1rio em que n\u00e3o [&hellip;]<\/p>\n","protected":false},"author":2,"featured_media":22004,"comment_status":"closed","ping_status":"closed","sticky":false,"template":"","format":"standard","meta":{"_monsterinsights_skip_tracking":false,"_monsterinsights_sitenote_active":false,"_monsterinsights_sitenote_note":"","_monsterinsights_sitenote_category":0,"footnotes":""},"categories":[1,39],"tags":[],"_links":{"self":[{"href":"https:\/\/nazarenonews.com.br\/index.php\/wp-json\/wp\/v2\/posts\/22003"}],"collection":[{"href":"https:\/\/nazarenonews.com.br\/index.php\/wp-json\/wp\/v2\/posts"}],"about":[{"href":"https:\/\/nazarenonews.com.br\/index.php\/wp-json\/wp\/v2\/types\/post"}],"author":[{"embeddable":true,"href":"https:\/\/nazarenonews.com.br\/index.php\/wp-json\/wp\/v2\/users\/2"}],"replies":[{"embeddable":true,"href":"https:\/\/nazarenonews.com.br\/index.php\/wp-json\/wp\/v2\/comments?post=22003"}],"version-history":[{"count":1,"href":"https:\/\/nazarenonews.com.br\/index.php\/wp-json\/wp\/v2\/posts\/22003\/revisions"}],"predecessor-version":[{"id":22005,"href":"https:\/\/nazarenonews.com.br\/index.php\/wp-json\/wp\/v2\/posts\/22003\/revisions\/22005"}],"wp:featuredmedia":[{"embeddable":true,"href":"https:\/\/nazarenonews.com.br\/index.php\/wp-json\/wp\/v2\/media\/22004"}],"wp:attachment":[{"href":"https:\/\/nazarenonews.com.br\/index.php\/wp-json\/wp\/v2\/media?parent=22003"}],"wp:term":[{"taxonomy":"category","embeddable":true,"href":"https:\/\/nazarenonews.com.br\/index.php\/wp-json\/wp\/v2\/categories?post=22003"},{"taxonomy":"post_tag","embeddable":true,"href":"https:\/\/nazarenonews.com.br\/index.php\/wp-json\/wp\/v2\/tags?post=22003"}],"curies":[{"name":"wp","href":"https:\/\/api.w.org\/{rel}","templated":true}]}}