{"id":21997,"date":"2026-04-26T15:12:34","date_gmt":"2026-04-26T19:12:34","guid":{"rendered":"https:\/\/nazarenonews.com.br\/?p=21997"},"modified":"2026-04-26T15:12:34","modified_gmt":"2026-04-26T19:12:34","slug":"mae-e-presa-apos-espancar-filha-de-10-anos-com-cabo-de-rodo-e-socos-nas-costas","status":"publish","type":"post","link":"https:\/\/nazarenonews.com.br\/index.php\/2026\/04\/26\/mae-e-presa-apos-espancar-filha-de-10-anos-com-cabo-de-rodo-e-socos-nas-costas\/","title":{"rendered":"M\u00e3e \u00e9 presa ap\u00f3s espancar filha de 10 anos com cabo de rodo e socos nas costas"},"content":{"rendered":"\n<p>Uma menina de 10 anos deu entrada no Hospital Municipal de&nbsp;Jaciara&nbsp;(a 147 km de Cuiab\u00e1) na noite deste s\u00e1bado (25), com ferimentos provocados por agress\u00f5es f\u00edsicas. A principal suspeita \u00e9 a pr\u00f3pria m\u00e3e da crian\u00e7a, de 29 anos, que foi presa em flagrante.<\/p>\n\n\n\n<p>De acordo com a&nbsp;Pol\u00edcia Militar, a equipe foi acionada por funcion\u00e1rios da unidade de sa\u00fade ap\u00f3s a chegada da v\u00edtima com sinais de espancamento.<\/p>\n\n\n\n<p>O m\u00e9dico plantonista confirmou que a crian\u00e7a apresentava um ferimento de aproximadamente 3 cent\u00edmetros, com exposi\u00e7\u00e3o de tecido e sangramento ativo, al\u00e9m de relatar dores nas costas causadas por socos.<\/p>\n\n\n\n<p>Ainda conforme o atendimento, as agress\u00f5es teriam sido cometidas com um cabo de rodo.<\/p>\n\n\n\n<p>Ap\u00f3s a confirma\u00e7\u00e3o dos fatos e relato da v\u00edtima, os policiais iniciaram buscas e localizaram a suspeita em frente ao hospital. Ela foi detida e encaminhada \u00e0 delegacia para os procedimentos cab\u00edveis.<\/p>\n\n\n\n<p>O\u00a0Conselho Tutelar\u00a0foi acionado e acompanhou a ocorr\u00eancia, adotando as medidas de prote\u00e7\u00e3o \u00e0 crian\u00e7a.<\/p>\n\n\n\n<p>Rep\u00f3rter MT<\/p>\n\n\n\n<p><\/p>\n","protected":false},"excerpt":{"rendered":"<p>Uma menina de 10 anos deu entrada no Hospital Municipal de&nbsp;Jaciara&nbsp;(a 147 km de Cuiab\u00e1) na noite deste s\u00e1bado (25), com ferimentos provocados por agress\u00f5es f\u00edsicas. A principal suspeita \u00e9 a pr\u00f3pria m\u00e3e da crian\u00e7a, de 29 anos, que foi presa em flagrante. De acordo com a&nbsp;Pol\u00edcia Militar, a equipe foi acionada por funcion\u00e1rios da [&hellip;]<\/p>\n","protected":false},"author":2,"featured_media":21998,"comment_status":"closed","ping_status":"closed","sticky":false,"template":"","format":"standard","meta":{"_monsterinsights_skip_tracking":false,"_monsterinsights_sitenote_active":false,"_monsterinsights_sitenote_note":"","_monsterinsights_sitenote_category":0,"footnotes":""},"categories":[1],"tags":[],"_links":{"self":[{"href":"https:\/\/nazarenonews.com.br\/index.php\/wp-json\/wp\/v2\/posts\/21997"}],"collection":[{"href":"https:\/\/nazarenonews.com.br\/index.php\/wp-json\/wp\/v2\/posts"}],"about":[{"href":"https:\/\/nazarenonews.com.br\/index.php\/wp-json\/wp\/v2\/types\/post"}],"author":[{"embeddable":true,"href":"https:\/\/nazarenonews.com.br\/index.php\/wp-json\/wp\/v2\/users\/2"}],"replies":[{"embeddable":true,"href":"https:\/\/nazarenonews.com.br\/index.php\/wp-json\/wp\/v2\/comments?post=21997"}],"version-history":[{"count":1,"href":"https:\/\/nazarenonews.com.br\/index.php\/wp-json\/wp\/v2\/posts\/21997\/revisions"}],"predecessor-version":[{"id":21999,"href":"https:\/\/nazarenonews.com.br\/index.php\/wp-json\/wp\/v2\/posts\/21997\/revisions\/21999"}],"wp:featuredmedia":[{"embeddable":true,"href":"https:\/\/nazarenonews.com.br\/index.php\/wp-json\/wp\/v2\/media\/21998"}],"wp:attachment":[{"href":"https:\/\/nazarenonews.com.br\/index.php\/wp-json\/wp\/v2\/media?parent=21997"}],"wp:term":[{"taxonomy":"category","embeddable":true,"href":"https:\/\/nazarenonews.com.br\/index.php\/wp-json\/wp\/v2\/categories?post=21997"},{"taxonomy":"post_tag","embeddable":true,"href":"https:\/\/nazarenonews.com.br\/index.php\/wp-json\/wp\/v2\/tags?post=21997"}],"curies":[{"name":"wp","href":"https:\/\/api.w.org\/{rel}","templated":true}]}}