{"id":21994,"date":"2026-04-26T15:10:02","date_gmt":"2026-04-26T19:10:02","guid":{"rendered":"https:\/\/nazarenonews.com.br\/?p=21994"},"modified":"2026-04-26T15:10:02","modified_gmt":"2026-04-26T19:10:02","slug":"irmao-de-janaina-riva-sofre-acidente-e-capota-carro-apos-atingir-veiculo-com-idosos-e-crianca","status":"publish","type":"post","link":"https:\/\/nazarenonews.com.br\/index.php\/2026\/04\/26\/irmao-de-janaina-riva-sofre-acidente-e-capota-carro-apos-atingir-veiculo-com-idosos-e-crianca\/","title":{"rendered":"Irm\u00e3o de Janaina Riva sofre acidente e capota carro ap\u00f3s atingir ve\u00edculo com idosos e crian\u00e7a"},"content":{"rendered":"\n<p>O m\u00e9dico&nbsp;Jos\u00e9 Geraldo Riva J\u00fanior, conhecido como \u201cJuninho Riva\u201d, irm\u00e3o da deputada estadual&nbsp;Janaina Riva&nbsp;(MDB) e filho do ex-deputado&nbsp;Jos\u00e9 Geraldo Riva, se envolveu em um acidente de tr\u00e2nsito na noite desse s\u00e1bado (25), na rodovia MT-338, entre&nbsp;Novo Horizonte do Norte&nbsp;e&nbsp;Juara&nbsp;(a 628 e 654 km de Cuiab\u00e1, respectivamente).<\/p>\n\n\n\n<p>A colis\u00e3o ocorreu por volta das 20h15, nas proximidades da ponte sobre o rio Caracol. Juninho conduzia uma caminhonete Fiat Strada preta no sentido Juara quando acabou atingindo outro ve\u00edculo do mesmo modelo, de cor prata, conduzido por um idoso que estava acompanhado da esposa e de uma crian\u00e7a. Segundo relatos, o segundo ve\u00edculo tentava acessar uma estrada vicinal no momento da batida.<\/p>\n\n\n\n<p>Com o impacto, a caminhonete dirigida por Juninho capotou. Ele sofreu apenas ferimentos leves e foi encaminhado para atendimento m\u00e9dico, permanecendo em observa\u00e7\u00e3o. J\u00e1 o motorista do outro ve\u00edculo e os dois passageiros tamb\u00e9m foram socorridos conscientes e levados para uma unidade de sa\u00fade em Juara para avalia\u00e7\u00e3o.<\/p>\n\n\n\n<p>Equipes de sa\u00fade de Novo Horizonte do Norte prestaram os primeiros atendimentos no local. A&nbsp;Pol\u00edcia Militar&nbsp;esteve na rodovia para registrar a ocorr\u00eancia e organizar o tr\u00e1fego, enquanto os ve\u00edculos foram posteriormente removidos.<\/p>\n\n\n\n<p>Conforme informa\u00e7\u00f5es divulgadas ap\u00f3s o acidente pela fam\u00edlia Riva, o m\u00e9dico passa bem.<\/p>\n\n\n\n<p>Midianews<\/p>\n","protected":false},"excerpt":{"rendered":"<p>O m\u00e9dico&nbsp;Jos\u00e9 Geraldo Riva J\u00fanior, conhecido como \u201cJuninho Riva\u201d, irm\u00e3o da deputada estadual&nbsp;Janaina Riva&nbsp;(MDB) e filho do ex-deputado&nbsp;Jos\u00e9 Geraldo Riva, se envolveu em um acidente de tr\u00e2nsito na noite desse s\u00e1bado (25), na rodovia MT-338, entre&nbsp;Novo Horizonte do Norte&nbsp;e&nbsp;Juara&nbsp;(a 628 e 654 km de Cuiab\u00e1, respectivamente). A colis\u00e3o ocorreu por volta das 20h15, nas proximidades [&hellip;]<\/p>\n","protected":false},"author":2,"featured_media":21995,"comment_status":"closed","ping_status":"closed","sticky":false,"template":"","format":"standard","meta":{"_monsterinsights_skip_tracking":false,"_monsterinsights_sitenote_active":false,"_monsterinsights_sitenote_note":"","_monsterinsights_sitenote_category":0,"footnotes":""},"categories":[1],"tags":[],"_links":{"self":[{"href":"https:\/\/nazarenonews.com.br\/index.php\/wp-json\/wp\/v2\/posts\/21994"}],"collection":[{"href":"https:\/\/nazarenonews.com.br\/index.php\/wp-json\/wp\/v2\/posts"}],"about":[{"href":"https:\/\/nazarenonews.com.br\/index.php\/wp-json\/wp\/v2\/types\/post"}],"author":[{"embeddable":true,"href":"https:\/\/nazarenonews.com.br\/index.php\/wp-json\/wp\/v2\/users\/2"}],"replies":[{"embeddable":true,"href":"https:\/\/nazarenonews.com.br\/index.php\/wp-json\/wp\/v2\/comments?post=21994"}],"version-history":[{"count":1,"href":"https:\/\/nazarenonews.com.br\/index.php\/wp-json\/wp\/v2\/posts\/21994\/revisions"}],"predecessor-version":[{"id":21996,"href":"https:\/\/nazarenonews.com.br\/index.php\/wp-json\/wp\/v2\/posts\/21994\/revisions\/21996"}],"wp:featuredmedia":[{"embeddable":true,"href":"https:\/\/nazarenonews.com.br\/index.php\/wp-json\/wp\/v2\/media\/21995"}],"wp:attachment":[{"href":"https:\/\/nazarenonews.com.br\/index.php\/wp-json\/wp\/v2\/media?parent=21994"}],"wp:term":[{"taxonomy":"category","embeddable":true,"href":"https:\/\/nazarenonews.com.br\/index.php\/wp-json\/wp\/v2\/categories?post=21994"},{"taxonomy":"post_tag","embeddable":true,"href":"https:\/\/nazarenonews.com.br\/index.php\/wp-json\/wp\/v2\/tags?post=21994"}],"curies":[{"name":"wp","href":"https:\/\/api.w.org\/{rel}","templated":true}]}}