{"id":21075,"date":"2026-03-17T14:32:05","date_gmt":"2026-03-17T18:32:05","guid":{"rendered":"https:\/\/nazarenonews.com.br\/?p=21075"},"modified":"2026-03-17T14:32:05","modified_gmt":"2026-03-17T18:32:05","slug":"decreto-cria-regras-mais-rigidas-para-presos-e-autoriza-isolamento-de-ate-10-dias-em-mt","status":"publish","type":"post","link":"https:\/\/nazarenonews.com.br\/index.php\/2026\/03\/17\/decreto-cria-regras-mais-rigidas-para-presos-e-autoriza-isolamento-de-ate-10-dias-em-mt\/","title":{"rendered":"Decreto cria regras mais r\u00edgidas para presos e autoriza isolamento de at\u00e9 10 dias em MT"},"content":{"rendered":"\n<p>Presos em Mato Grosso passar\u00e3o a enfrentar regras mais duras dentro das unidades prisionais, com puni\u00e7\u00f5es mais r\u00edgidas para atos de indisciplina, que v\u00e3o desde advert\u00eancias at\u00e9 isolamento e inclus\u00e3o em regimes mais severos. As mudan\u00e7as, publicadas no Di\u00e1rio Oficial do Estado (DOE-MT) de hoje (17), miram comportamentos como desobedi\u00eancia, uso de linguagem desrespeitosa, posse de itens proibidos e atitudes que comprometam a ordem interna nos pres\u00eddios.<\/p>\n\n\n\n<p>Entre as medidas, est\u00e1 a possibilidade de isolamento por at\u00e9 10 dias, determinado pelo diretor da unidade, al\u00e9m da restri\u00e7\u00e3o de direitos e regalias para detentos que descumprirem as normas. O decreto tamb\u00e9m estabelece prazos e regras mais r\u00edgidas para investiga\u00e7\u00e3o e puni\u00e7\u00e3o de infra\u00e7\u00f5es dentro das unidades prisionais.<\/p>\n\n\n\n<p>O procedimento disciplinar passa a seguir crit\u00e9rios definidos, com abertura formal, prazo para conclus\u00e3o e garantia de defesa, incluindo a coleta de provas como v\u00eddeos, \u00e1udios e depoimentos.<\/p>\n\n\n\n<p>Para faltas leves, o preso poder\u00e1 firmar compromisso para n\u00e3o reincidir na conduta irregular, evitando puni\u00e7\u00f5es mais severas. J\u00e1 infra\u00e7\u00f5es mais graves seguem sujeitas a san\u00e7\u00f5es mais duras.<\/p>\n\n\n\n<p>As novas regras tamb\u00e9m se aplicam fora das unidades, como em sa\u00eddas autorizadas e deslocamentos sob escolta, ampliando o controle sobre os detentos.<\/p>\n\n\n\n<p>Outra mudan\u00e7a \u00e9 a cria\u00e7\u00e3o de um Conselho Disciplinar, respons\u00e1vel por analisar os casos e refor\u00e7ar a aplica\u00e7\u00e3o das penalidades.<\/p>\n\n\n\n<p>O Decreto N\u00ba 1.852, \u00e9 de janeiro deste ano e foi publicado nesta ter\u00e7a-feira (17). Ele \u00e9 assinado pelo governador Mauro Mendes, com participa\u00e7\u00e3o do secret\u00e1rio-chefe da Casa Civil, F\u00e1bio Garcia, e do secret\u00e1rio de Estado de Justi\u00e7a, Valter Furtado Filho. A medida j\u00e1 est\u00e1 em vigor e substitui normas anteriores no Estado.<\/p>\n\n\n\n<p>Rep\u00f3rter MT<\/p>\n","protected":false},"excerpt":{"rendered":"<p>Presos em Mato Grosso passar\u00e3o a enfrentar regras mais duras dentro das unidades prisionais, com puni\u00e7\u00f5es mais r\u00edgidas para atos de indisciplina, que v\u00e3o desde advert\u00eancias at\u00e9 isolamento e inclus\u00e3o em regimes mais severos. As mudan\u00e7as, publicadas no Di\u00e1rio Oficial do Estado (DOE-MT) de hoje (17), miram comportamentos como desobedi\u00eancia, uso de linguagem desrespeitosa, posse [&hellip;]<\/p>\n","protected":false},"author":2,"featured_media":21076,"comment_status":"closed","ping_status":"closed","sticky":false,"template":"","format":"standard","meta":{"_monsterinsights_skip_tracking":false,"_monsterinsights_sitenote_active":false,"_monsterinsights_sitenote_note":"","_monsterinsights_sitenote_category":0,"footnotes":""},"categories":[1],"tags":[],"_links":{"self":[{"href":"https:\/\/nazarenonews.com.br\/index.php\/wp-json\/wp\/v2\/posts\/21075"}],"collection":[{"href":"https:\/\/nazarenonews.com.br\/index.php\/wp-json\/wp\/v2\/posts"}],"about":[{"href":"https:\/\/nazarenonews.com.br\/index.php\/wp-json\/wp\/v2\/types\/post"}],"author":[{"embeddable":true,"href":"https:\/\/nazarenonews.com.br\/index.php\/wp-json\/wp\/v2\/users\/2"}],"replies":[{"embeddable":true,"href":"https:\/\/nazarenonews.com.br\/index.php\/wp-json\/wp\/v2\/comments?post=21075"}],"version-history":[{"count":1,"href":"https:\/\/nazarenonews.com.br\/index.php\/wp-json\/wp\/v2\/posts\/21075\/revisions"}],"predecessor-version":[{"id":21077,"href":"https:\/\/nazarenonews.com.br\/index.php\/wp-json\/wp\/v2\/posts\/21075\/revisions\/21077"}],"wp:featuredmedia":[{"embeddable":true,"href":"https:\/\/nazarenonews.com.br\/index.php\/wp-json\/wp\/v2\/media\/21076"}],"wp:attachment":[{"href":"https:\/\/nazarenonews.com.br\/index.php\/wp-json\/wp\/v2\/media?parent=21075"}],"wp:term":[{"taxonomy":"category","embeddable":true,"href":"https:\/\/nazarenonews.com.br\/index.php\/wp-json\/wp\/v2\/categories?post=21075"},{"taxonomy":"post_tag","embeddable":true,"href":"https:\/\/nazarenonews.com.br\/index.php\/wp-json\/wp\/v2\/tags?post=21075"}],"curies":[{"name":"wp","href":"https:\/\/api.w.org\/{rel}","templated":true}]}}