{"id":21059,"date":"2026-03-17T06:51:35","date_gmt":"2026-03-17T10:51:35","guid":{"rendered":"https:\/\/nazarenonews.com.br\/?p=21059"},"modified":"2026-03-17T06:51:36","modified_gmt":"2026-03-17T10:51:36","slug":"ccj-decide-sobre-fim-da-mordomia-da-aposentadoria-compulsoria-nesta-quarta","status":"publish","type":"post","link":"https:\/\/nazarenonews.com.br\/index.php\/2026\/03\/17\/ccj-decide-sobre-fim-da-mordomia-da-aposentadoria-compulsoria-nesta-quarta\/","title":{"rendered":"CCJ decide sobre fim da &#8220;mordomia&#8221; da aposentadoria compuls\u00f3ria nesta quarta"},"content":{"rendered":"\n<p>A Comiss\u00e3o de Constitui\u00e7\u00e3o, Justi\u00e7a e Cidadania (CCJ) do Senado Federal vota nesta quarta-feira (18), \u00e0s 9h, a<a href=\"https:\/\/www25.senado.leg.br\/web\/atividade\/materias\/-\/materia\/162099\" target=\"_blank\" rel=\"noreferrer noopener\">&nbsp;PEC 3\/202<\/a>4, que pode extinguir uma das puni\u00e7\u00f5es mais controversas do servi\u00e7o p\u00fablico brasileiro: a aposentadoria compuls\u00f3ria como san\u00e7\u00e3o disciplinar.<\/p>\n\n\n\n<p>O texto, de autoria do ministro do STF, Fl\u00e1vio Dino, que \u00e9 ex-senador, prop\u00f5e que ju\u00edzes, membros do Minist\u00e9rio P\u00fablico e militares que cometerem irregularidades graves sejam punidos com a perda do cargo (demiss\u00e3o), e n\u00e3o mais com o benef\u00edcio do repouso remunerado.<\/p>\n\n\n\n<p>Nesta segunda-feira (16), o pr\u00f3prio&nbsp;<a href=\"https:\/\/www.reportermt.com\/politica\/stf-extingue-aposentadoria-compulsoria-como-castigo-maximo-para-magistrados\/234156\" target=\"_blank\" rel=\"noreferrer noopener\">Fl\u00e1vio Dino decidiu individualmente no Supremo<\/a>&nbsp;que a aposentadoria compuls\u00f3ria perdeu a validade constitucional ap\u00f3s a Reforma da Previd\u00eancia de 2019. Para o magistrado, manter o pagamento de sal\u00e1rios a quem foi afastado por m\u00e1 conduta fere a moralidade administrativa.<\/p>\n\n\n\n<p>\u201c<strong><em>Em caso de falta grave praticada por agente p\u00fablico, a penalidade a ser aplicada deve ser a demiss\u00e3o, ali\u00e1s como \u00e9 feito em quase todo servi\u00e7o p\u00fablico civil<\/em><\/strong>\u201d, defendeu Dino na justificativa do projeto apresentado quando ainda era parlamentar.<\/p>\n\n\n\n<p>O tema toca em uma ferida aberta no Judici\u00e1rio, inclusive em Mato Grosso. Diversos magistrados do estado, aposentados &#8220;\u00e0 for\u00e7a&#8221; pelo Conselho Nacional de Justi\u00e7a (CNJ), continuam recebendo proventos que ultrapassam R$ 40 mil mensais.<\/p>\n\n\n\n<p>A relatora da mat\u00e9ria, senadora Eliziane Gama (PSD-MA), j\u00e1 apresentou voto favor\u00e1vel \u00e0 medida. Caso a CCJ aprove o texto amanh\u00e3, a Proposta de Emenda \u00e0 Constitui\u00e7\u00e3o segue para o Plen\u00e1rio do Senado, onde precisar\u00e1 de qu\u00f3rum qualificado para avan\u00e7ar.<\/p>\n","protected":false},"excerpt":{"rendered":"<p>A Comiss\u00e3o de Constitui\u00e7\u00e3o, Justi\u00e7a e Cidadania (CCJ) do Senado Federal vota nesta quarta-feira (18), \u00e0s 9h, a&nbsp;PEC 3\/2024, que pode extinguir uma das puni\u00e7\u00f5es mais controversas do servi\u00e7o p\u00fablico brasileiro: a aposentadoria compuls\u00f3ria como san\u00e7\u00e3o disciplinar. O texto, de autoria do ministro do STF, Fl\u00e1vio Dino, que \u00e9 ex-senador, prop\u00f5e que ju\u00edzes, membros do [&hellip;]<\/p>\n","protected":false},"author":2,"featured_media":21060,"comment_status":"closed","ping_status":"closed","sticky":false,"template":"","format":"standard","meta":{"_monsterinsights_skip_tracking":false,"_monsterinsights_sitenote_active":false,"_monsterinsights_sitenote_note":"","_monsterinsights_sitenote_category":0,"footnotes":""},"categories":[1],"tags":[],"_links":{"self":[{"href":"https:\/\/nazarenonews.com.br\/index.php\/wp-json\/wp\/v2\/posts\/21059"}],"collection":[{"href":"https:\/\/nazarenonews.com.br\/index.php\/wp-json\/wp\/v2\/posts"}],"about":[{"href":"https:\/\/nazarenonews.com.br\/index.php\/wp-json\/wp\/v2\/types\/post"}],"author":[{"embeddable":true,"href":"https:\/\/nazarenonews.com.br\/index.php\/wp-json\/wp\/v2\/users\/2"}],"replies":[{"embeddable":true,"href":"https:\/\/nazarenonews.com.br\/index.php\/wp-json\/wp\/v2\/comments?post=21059"}],"version-history":[{"count":1,"href":"https:\/\/nazarenonews.com.br\/index.php\/wp-json\/wp\/v2\/posts\/21059\/revisions"}],"predecessor-version":[{"id":21061,"href":"https:\/\/nazarenonews.com.br\/index.php\/wp-json\/wp\/v2\/posts\/21059\/revisions\/21061"}],"wp:featuredmedia":[{"embeddable":true,"href":"https:\/\/nazarenonews.com.br\/index.php\/wp-json\/wp\/v2\/media\/21060"}],"wp:attachment":[{"href":"https:\/\/nazarenonews.com.br\/index.php\/wp-json\/wp\/v2\/media?parent=21059"}],"wp:term":[{"taxonomy":"category","embeddable":true,"href":"https:\/\/nazarenonews.com.br\/index.php\/wp-json\/wp\/v2\/categories?post=21059"},{"taxonomy":"post_tag","embeddable":true,"href":"https:\/\/nazarenonews.com.br\/index.php\/wp-json\/wp\/v2\/tags?post=21059"}],"curies":[{"name":"wp","href":"https:\/\/api.w.org\/{rel}","templated":true}]}}