{"id":21052,"date":"2026-03-16T15:28:46","date_gmt":"2026-03-16T19:28:46","guid":{"rendered":"https:\/\/nazarenonews.com.br\/?p=21052"},"modified":"2026-03-16T15:28:47","modified_gmt":"2026-03-16T19:28:47","slug":"assassino-de-eloa-pede-reducao-de-pena-apos-fazer-prova-do-enem","status":"publish","type":"post","link":"https:\/\/nazarenonews.com.br\/index.php\/2026\/03\/16\/assassino-de-eloa-pede-reducao-de-pena-apos-fazer-prova-do-enem\/","title":{"rendered":"Assassino de Elo\u00e1 pede redu\u00e7\u00e3o de pena ap\u00f3s fazer prova do Enem"},"content":{"rendered":"\n<p>O&nbsp;Minist\u00e9rio P\u00fablico de S\u00e3o Paulo&nbsp;se posicionou contra o pedido da defesa de&nbsp;Lindemberg Alves Fernandes&nbsp;para reduzir sua pena em 80 dias ap\u00f3s a participa\u00e7\u00e3o no&nbsp;Exame Nacional do Ensino M\u00e9dio&nbsp;(Enem).<\/p>\n\n\n\n<p>De acordo com a promotoria, o detento n\u00e3o alcan\u00e7ou a pontua\u00e7\u00e3o m\u00ednima exigida para que a prova possa ser utilizada como crit\u00e9rio de remi\u00e7\u00e3o de pena.<\/p>\n\n\n\n<p>A solicita\u00e7\u00e3o foi apresentada neste m\u00eas pelos advogados de Lindemberg, que est\u00e1 preso na Penitenci\u00e1ria II de Trememb\u00e9, no interior de&nbsp;S\u00e3o Paulo.<\/p>\n\n\n\n<p>A defesa argumenta que ele participou do Enem de 2025 como parte do processo de ressocializa\u00e7\u00e3o e pediu a diminui\u00e7\u00e3o da pena com base no tempo dedicado aos estudos.<\/p>\n\n\n\n<p>Segundo a advogada Marcia Renata da Silva, o condenado teria alcan\u00e7ado m\u00e9dia em quatro das cinco \u00e1reas avaliadas no exame.<\/p>\n\n\n\n<p>As notas registradas foram 502,6 pontos em Ci\u00eancias da Natureza, 546,9 em Ci\u00eancias Humanas, 532 em Linguagens, 361,6 em Matem\u00e1tica e 500 na reda\u00e7\u00e3o.<\/p>\n\n\n\n<p>Com base em uma resolu\u00e7\u00e3o do&nbsp;Conselho Nacional de Justi\u00e7a&nbsp;(CNJ), que permite converter horas de estudo em abatimento da pena, a defesa pediu que a participa\u00e7\u00e3o no exame resultasse na redu\u00e7\u00e3o de 80 dias da condena\u00e7\u00e3o atual, fixada em 39 anos e tr\u00eas meses.<\/p>\n\n\n\n<p>O Minist\u00e9rio P\u00fablico, no entanto, destacou que as regras estabelecem a necessidade de alcan\u00e7ar pelo menos 450 pontos em cada \u00e1rea da prova, al\u00e9m de 500 pontos na reda\u00e7\u00e3o, para que o candidato seja considerado aprovado.<\/p>\n\n\n\n<p>Como Lindemberg obteve apenas 361,6 pontos em Matem\u00e1tica, a promotoria entende que ele n\u00e3o cumpriu os crit\u00e9rios necess\u00e1rios.<\/p>\n\n\n\n<p>Agora, caber\u00e1 ao Judici\u00e1rio decidir se o pedido de remi\u00e7\u00e3o ser\u00e1 aceito ou negado.<\/p>\n\n\n\n<h3 class=\"wp-block-heading\">Caso Elo\u00e1<\/h3>\n\n\n\n<p>O crime que levou \u00e0 condena\u00e7\u00e3o de Lindemberg ocorreu em outubro de 2008, em&nbsp;Santo Andr\u00e9. Na ocasi\u00e3o, ele invadiu o apartamento da ex-namorada,&nbsp;Elo\u00e1 Cristina Pimentel, e a manteve ref\u00e9m por cinco dias ao lado de amigos.<\/p>\n\n\n\n<p>Durante o desfecho do sequestro, Lindemberg atirou contra Elo\u00e1 e tamb\u00e9m contra a amiga da jovem,&nbsp;Nayara Rodrigues, que conseguiu sobreviver. Elo\u00e1 morreu ap\u00f3s ser baleada.<\/p>\n\n\n\n<p>Ele foi preso em flagrante e condenado em 2012 a 98 anos de pris\u00e3o. No ano seguinte, a pena foi reduzida para 39 anos e tr\u00eas meses. Desde ent\u00e3o, parte da condena\u00e7\u00e3o j\u00e1 foi abatida por meio de trabalho e participa\u00e7\u00e3o em atividades educacionais no sistema prisional.<\/p>\n\n\n\n<p>Registros da execu\u00e7\u00e3o penal indicam que cerca de 887 dias j\u00e1 foram descontados da pena. Em 2022, Lindemberg passou a cumprir a pena em regime semiaberto.<\/p>\n\n\n\n<p><\/p>\n","protected":false},"excerpt":{"rendered":"<p>O&nbsp;Minist\u00e9rio P\u00fablico de S\u00e3o Paulo&nbsp;se posicionou contra o pedido da defesa de&nbsp;Lindemberg Alves Fernandes&nbsp;para reduzir sua pena em 80 dias ap\u00f3s a participa\u00e7\u00e3o no&nbsp;Exame Nacional do Ensino M\u00e9dio&nbsp;(Enem). De acordo com a promotoria, o detento n\u00e3o alcan\u00e7ou a pontua\u00e7\u00e3o m\u00ednima exigida para que a prova possa ser utilizada como crit\u00e9rio de remi\u00e7\u00e3o de pena. A [&hellip;]<\/p>\n","protected":false},"author":2,"featured_media":21053,"comment_status":"closed","ping_status":"closed","sticky":false,"template":"","format":"standard","meta":{"_monsterinsights_skip_tracking":false,"_monsterinsights_sitenote_active":false,"_monsterinsights_sitenote_note":"","_monsterinsights_sitenote_category":0,"footnotes":""},"categories":[37,1],"tags":[],"_links":{"self":[{"href":"https:\/\/nazarenonews.com.br\/index.php\/wp-json\/wp\/v2\/posts\/21052"}],"collection":[{"href":"https:\/\/nazarenonews.com.br\/index.php\/wp-json\/wp\/v2\/posts"}],"about":[{"href":"https:\/\/nazarenonews.com.br\/index.php\/wp-json\/wp\/v2\/types\/post"}],"author":[{"embeddable":true,"href":"https:\/\/nazarenonews.com.br\/index.php\/wp-json\/wp\/v2\/users\/2"}],"replies":[{"embeddable":true,"href":"https:\/\/nazarenonews.com.br\/index.php\/wp-json\/wp\/v2\/comments?post=21052"}],"version-history":[{"count":1,"href":"https:\/\/nazarenonews.com.br\/index.php\/wp-json\/wp\/v2\/posts\/21052\/revisions"}],"predecessor-version":[{"id":21054,"href":"https:\/\/nazarenonews.com.br\/index.php\/wp-json\/wp\/v2\/posts\/21052\/revisions\/21054"}],"wp:featuredmedia":[{"embeddable":true,"href":"https:\/\/nazarenonews.com.br\/index.php\/wp-json\/wp\/v2\/media\/21053"}],"wp:attachment":[{"href":"https:\/\/nazarenonews.com.br\/index.php\/wp-json\/wp\/v2\/media?parent=21052"}],"wp:term":[{"taxonomy":"category","embeddable":true,"href":"https:\/\/nazarenonews.com.br\/index.php\/wp-json\/wp\/v2\/categories?post=21052"},{"taxonomy":"post_tag","embeddable":true,"href":"https:\/\/nazarenonews.com.br\/index.php\/wp-json\/wp\/v2\/tags?post=21052"}],"curies":[{"name":"wp","href":"https:\/\/api.w.org\/{rel}","templated":true}]}}