{"id":21046,"date":"2026-03-16T15:21:11","date_gmt":"2026-03-16T19:21:11","guid":{"rendered":"https:\/\/nazarenonews.com.br\/?p=21046"},"modified":"2026-03-16T15:21:12","modified_gmt":"2026-03-16T19:21:12","slug":"azeite-e-proibido-no-brasil-apos-suspeita-de-origem-desconhecida","status":"publish","type":"post","link":"https:\/\/nazarenonews.com.br\/index.php\/2026\/03\/16\/azeite-e-proibido-no-brasil-apos-suspeita-de-origem-desconhecida\/","title":{"rendered":"Azeite \u00e9 proibido no Brasil ap\u00f3s suspeita de origem desconhecida"},"content":{"rendered":"\n<p>A Ag\u00eancia Nacional de Vigil\u00e2ncia Sanit\u00e1ria (Anvisa) determinou a apreens\u00e3o e proibiu a comercializa\u00e7\u00e3o do azeite de oliva extra virgem da marca San Olivetto em todo o territ\u00f3rio nacional. A decis\u00e3o foi publicada no Di\u00e1rio Oficial da Uni\u00e3o desta segunda-feira (16.03), por meio da Resolu\u00e7\u00e3o-RE n\u00ba 986.<\/p>\n\n\n\n<p>A medida estabelece a proibi\u00e7\u00e3o de comercializa\u00e7\u00e3o, distribui\u00e7\u00e3o, fabrica\u00e7\u00e3o, importa\u00e7\u00e3o, propaganda e uso de todos os lotes do produto, al\u00e9m da apreens\u00e3o das unidades que forem encontradas no mercado.<\/p>\n\n\n\n<p>De acordo com a Anvisa, a decis\u00e3o foi tomada ap\u00f3s identifica\u00e7\u00e3o de irregularidades relacionadas \u00e0 origem do produto, considerada desconhecida ou ignorada, o que impede a rastreabilidade e viola normas sanit\u00e1rias previstas na legisla\u00e7\u00e3o brasileira.<\/p>\n\n\n\n<p>A investiga\u00e7\u00e3o tamb\u00e9m apontou problemas cadastrais nas empresas citadas na rotulagem do azeite. Segundo a resolu\u00e7\u00e3o, a empresa Agro Ind\u00fastria e Cerealista Norte Paran\u00e1 Ltda., indicada como importadora do produto, est\u00e1 com o CNPJ suspenso por inconsist\u00eancia cadastral desde 22 de maio de 2025 junto \u00e0 Receita Federal.<\/p>\n\n\n\n<p>J\u00e1 a empresa Comercial Aliment\u00edcia e Cerealista Capixaba Ltda., apontada como distribuidora do azeite, possui CNPJ baixado desde 6 de novembro de 2024, ap\u00f3s encerramento das atividades por liquida\u00e7\u00e3o volunt\u00e1ria.<\/p>\n\n\n\n<p>Diante das irregularidades, a Anvisa concluiu que o produto infringe dispositivos do Decreto-Lei n\u00ba 986\/1969, que estabelece normas b\u00e1sicas sobre alimentos, al\u00e9m de regras sanit\u00e1rias previstas em resolu\u00e7\u00f5es da pr\u00f3pria ag\u00eancia.<\/p>\n\n\n\n<p>Com a decis\u00e3o, o azeite San Olivetto n\u00e3o pode mais ser comercializado ou utilizado no Brasil, e eventuais unidades encontradas em estabelecimentos podem ser apreendidas por autoridades sanit\u00e1rias.<\/p>\n\n\n\n<p>A resolu\u00e7\u00e3o entrou em vigor na data de sua publica\u00e7\u00e3o no Di\u00e1rio Oficial da Uni\u00e3o.<\/p>\n\n\n\n<p><\/p>\n","protected":false},"excerpt":{"rendered":"<p>A Ag\u00eancia Nacional de Vigil\u00e2ncia Sanit\u00e1ria (Anvisa) determinou a apreens\u00e3o e proibiu a comercializa\u00e7\u00e3o do azeite de oliva extra virgem da marca San Olivetto em todo o territ\u00f3rio nacional. A decis\u00e3o foi publicada no Di\u00e1rio Oficial da Uni\u00e3o desta segunda-feira (16.03), por meio da Resolu\u00e7\u00e3o-RE n\u00ba 986. A medida estabelece a proibi\u00e7\u00e3o de comercializa\u00e7\u00e3o, distribui\u00e7\u00e3o, [&hellip;]<\/p>\n","protected":false},"author":2,"featured_media":21047,"comment_status":"closed","ping_status":"closed","sticky":false,"template":"","format":"standard","meta":{"_monsterinsights_skip_tracking":false,"_monsterinsights_sitenote_active":false,"_monsterinsights_sitenote_note":"","_monsterinsights_sitenote_category":0,"footnotes":""},"categories":[37,1],"tags":[],"_links":{"self":[{"href":"https:\/\/nazarenonews.com.br\/index.php\/wp-json\/wp\/v2\/posts\/21046"}],"collection":[{"href":"https:\/\/nazarenonews.com.br\/index.php\/wp-json\/wp\/v2\/posts"}],"about":[{"href":"https:\/\/nazarenonews.com.br\/index.php\/wp-json\/wp\/v2\/types\/post"}],"author":[{"embeddable":true,"href":"https:\/\/nazarenonews.com.br\/index.php\/wp-json\/wp\/v2\/users\/2"}],"replies":[{"embeddable":true,"href":"https:\/\/nazarenonews.com.br\/index.php\/wp-json\/wp\/v2\/comments?post=21046"}],"version-history":[{"count":1,"href":"https:\/\/nazarenonews.com.br\/index.php\/wp-json\/wp\/v2\/posts\/21046\/revisions"}],"predecessor-version":[{"id":21048,"href":"https:\/\/nazarenonews.com.br\/index.php\/wp-json\/wp\/v2\/posts\/21046\/revisions\/21048"}],"wp:featuredmedia":[{"embeddable":true,"href":"https:\/\/nazarenonews.com.br\/index.php\/wp-json\/wp\/v2\/media\/21047"}],"wp:attachment":[{"href":"https:\/\/nazarenonews.com.br\/index.php\/wp-json\/wp\/v2\/media?parent=21046"}],"wp:term":[{"taxonomy":"category","embeddable":true,"href":"https:\/\/nazarenonews.com.br\/index.php\/wp-json\/wp\/v2\/categories?post=21046"},{"taxonomy":"post_tag","embeddable":true,"href":"https:\/\/nazarenonews.com.br\/index.php\/wp-json\/wp\/v2\/tags?post=21046"}],"curies":[{"name":"wp","href":"https:\/\/api.w.org\/{rel}","templated":true}]}}