{"id":2104,"date":"2024-08-11T11:27:51","date_gmt":"2024-08-11T15:27:51","guid":{"rendered":"https:\/\/nazarenonews.com.br\/?p=2104"},"modified":"2024-08-11T11:27:51","modified_gmt":"2024-08-11T15:27:51","slug":"apos-remocao-de-corpos-entenda-proximos-passos-das-equipes-que-trabalham-no-local-da-queda-de-aviao-em-vinhedo","status":"publish","type":"post","link":"https:\/\/nazarenonews.com.br\/index.php\/2024\/08\/11\/apos-remocao-de-corpos-entenda-proximos-passos-das-equipes-que-trabalham-no-local-da-queda-de-aviao-em-vinhedo\/","title":{"rendered":"Ap\u00f3s remo\u00e7\u00e3o de corpos, entenda pr\u00f3ximos passos das equipes que trabalham no local da queda de avi\u00e3o em Vinhedo"},"content":{"rendered":"\n<p>G1-MT<\/p>\n\n\n\n<p>Com a conclus\u00e3o da<a class=\"\" href=\"https:\/\/g1.globo.com\/sp\/campinas-regiao\/noticia\/2024\/08\/10\/todos-os-corpos-foram-retirados-de-destrocos-de-aviao-que-caiu-em-vinhedo-diz-defesa-civil.ghtml\">&nbsp;retirada dos corpos das 62 v\u00edtimas da trag\u00e9dia a\u00e9rea<\/a>&nbsp;em&nbsp;<a class=\"\" href=\"https:\/\/g1.globo.com\/sp\/campinas-regiao\/cidade\/vinhedo\/\">Vinhedo (SP)<\/a>&nbsp;e a remo\u00e7\u00e3o dos motores e cauda para a per\u00edcia, os pr\u00f3ximos passos das equipes no local da queda do avi\u00e3o incluem o&nbsp;envio dos destro\u00e7os ao Centro de Investiga\u00e7\u00e3o e Preven\u00e7\u00e3o de Acidentes Aeron\u00e1uticos (Cenipa), que prev\u00ea um relat\u00f3rio preliminar sobre as causas do acidente em 30 dias.<\/p>\n\n\n\n<p>La\u00eds Marcatti, tenente do Corpo de Bombeiros, explicou que o trabalho por parte da corpora\u00e7\u00e3o se encerrou ap\u00f3s a retirada dos motores e cauda para uma \u00e1rea mais acess\u00edvel, onde a Voepass far\u00e1 o recolhimento para envio \u00e0 per\u00edcia.<\/p>\n\n\n\n<p>\u00c0s 9h deste domingo (11), o Corpo de Bombeiros informou que as equipes finalizaram a mobiliza\u00e7\u00e3o \u00e0s 22h45 de s\u00e1bado e que os escombros permaneciam no local sob responsabilidade do Centro de Investiga\u00e7\u00e3o e Preven\u00e7\u00e3o de Acidentes Aeron\u00e1uticos (Cenipa).<\/p>\n\n\n\n<p>Os bombeiros recolheram, ainda no s\u00e1bado, os equipamentos logo depois de os caminh\u00f5es da Voepass retirarem os motores do ATR-72-500.<\/p>\n\n\n\n<p>Ap\u00f3s essa etapa,\u00a0a \u00e1rea do acidente permanece interditada at\u00e9 a retirada de todo material da fuselagem que se encontra no terreno da casa.<\/p>\n\n\n\n<p>Na imagem, \u00e9 poss\u00edvel observar como a aeronave, que &#8220;caiu chapada&#8221;, ficou com a \u00e1rea da cabine mais preservada, enquanto da metade para a cauda a destrui\u00e7\u00e3o, por conta do inc\u00eandio, foi maior.<\/p>\n\n\n\n<p>A aeronave caiu sem controle e girando no ar, mostram&nbsp;<a class=\"\" href=\"https:\/\/g1.globo.com\/sp\/campinas-regiao\/noticia\/2024\/08\/09\/video-mostra-queda-de-aviao-em-vinhedo-sp.ghtml\">v\u00eddeos gravados do momento do acidente, num aparente estol<\/a>. A an\u00e1lise das caixas-pretas, que incluem o gravador de voz e o gravador de dados,&nbsp;<a class=\"\" href=\"https:\/\/g1.globo.com\/sp\/campinas-regiao\/noticia\/2024\/08\/10\/entenda-por-que-as-caixas-pretas-sao-fundamentais-na-investigacao-da-queda-de-aviao-em-vinhedo.ghtml\">\u00e9 fundamental para ajudar esclarecer o que ocorreu no voo 2283<\/a>.<\/p>\n\n\n\n<p>Um\u00a0<a class=\"\" href=\"https:\/\/g1.globo.com\/sp\/campinas-regiao\/noticia\/2024\/08\/10\/video-mostra-abertura-de-caixa-preta-de-aviao-que-caiu-em-vinhedo-e-deixou-62-mortos.ghtml\">v\u00eddeo mostra a abertura dos equipamentos<\/a>, que ter\u00e3o os dados extra\u00eddos no Laborat\u00f3rio de Leitura e An\u00e1lise de Dados de Gravadores de Voo (Labdata) do Cenipa, em Bras\u00edlia (DF).<\/p>\n\n\n\n<h2 class=\"wp-block-heading\">&#8216;Desenhado no ch\u00e3o&#8217;<\/h2>\n\n\n\n<p>As equipes que trabalham na trag\u00e9dia encontraram &#8220;um desenho da aeronave no ch\u00e3o&#8221;. De acordo com o Corpo de Bombeiros, o avi\u00e3o da Voepass &#8220;caiu chapado&#8221; no terreno, apresentando a \u00e1rea da cabine mais preservada e com grande destru\u00ed\u00e7\u00e3o por conta do inc\u00eandio da metade para a cauda.<\/p>\n\n\n\n<p>Segundo o capit\u00e3o Maycon Cristo, porta-voz do Corpo de Bombeiros, as caracter\u00edsticas dos destro\u00e7os direcionaram os trabalhos para retirada das v\u00edtimas, come\u00e7ando pela cabine e terminando na cauda.<\/p>\n\n\n\n<p>Um fator que auxiliou nos trabalhos de retirada dos corpos \u00e9 o terreno onde o avi\u00e3o caiu. O quintal da resid\u00eancia possui um gramado amplo, que favorece a movimenta\u00e7\u00e3o de pe\u00e7as pesadas, permitindo o acesso aos corpos.<\/p>\n\n\n\n<p><strong>&#8220;O avi\u00e3o caiu no quintal dessa resid\u00eancia, \u00e9 um gramado amplo. A gente consegue tirar as pe\u00e7as mais pesadas, aquilo que t\u00e1 obstruindo para chegar a v\u00edtima, consegue movimentar desse terreno, tem espa\u00e7o para isso. Tira do lugar que caiu e movimenta. Criamos uma \u00e1rea de dep\u00f3sito. O terreno plano e gramado, de certo modo, facilitou nosso trabalho&#8221;, completou o capit\u00e3o.<\/strong><\/p>\n\n\n\n<h2 class=\"wp-block-heading\">Equipes especializadas em trag\u00e9dias<\/h2>\n\n\n\n<p>Os trabalhos nos escombros contaram com equipes que&nbsp;j\u00e1 atuaram em trag\u00e9dias como as enchentes do Rio Grande do Sul, o terremoto na Turquia e no temporal de S\u00e3o Sebasti\u00e3o (SP).<\/p>\n\n\n\n<p>De acordo com o coronel C\u00e1ssio Ara\u00fajo de Freitas, comandante geral da Policia Militar de S\u00e3o Paulo,\u00a0&#8220;a presen\u00e7a de homens e mulheres que j\u00e1 atuaram em outras trag\u00e9dias garante a organiza\u00e7\u00e3o desse trabalho dif\u00edcil&#8221;.<\/p>\n\n\n\n<h2 class=\"wp-block-heading\">Investiga\u00e7\u00e3o<\/h2>\n\n\n\n<p>A Pol\u00edcia Civil informou no s\u00e1bado que o inqu\u00e9rito ser\u00e1 instaurado na delegacia de Vinhedo para apurar todos os fatos relativos ao acidente.<\/p>\n\n\n\n<p>Delegado titular da 1\u00aa Seccional de Campinas, Jos\u00e9 Ant\u00f4nio Carlos de Souza ressaltou o trabalho de compartilhamento de informa\u00e7\u00f5es entre todas as institui\u00e7\u00f5es envolvidas para minimizar o sofrimento dos familiares.<\/p>\n\n\n\n<p>J\u00e1 o superintendente da Pol\u00edcia Federal, Rodrigo Sanfurgo, destacou que a PF empregou seus melhores equipamentos e profissionais, e que s\u00f3 sair\u00e1 de Vinhedo &#8220;quando os trabalhos forem finalizados&#8221;.<\/p>\n\n\n\n<p><strong>&#8220;Dif\u00edcil falar em prazo, mas n\u00f3s podemos afirmar que estamos trabalhando incansavelmente para finalizar esse trabalho e confortar todoas as fam\u00edlias. Estamos entregando todo nosso esfor\u00e7o&#8221;, disse Sanfurgo.<\/strong><\/p>\n\n\n\n<h2 class=\"wp-block-heading\">Cronologia da trag\u00e9dia<\/h2>\n\n\n\n<p>Ainda n\u00e3o se sabe o que causou o acidente, mas&nbsp;<a class=\"\" href=\"https:\/\/g1.globo.com\/sp\/campinas-regiao\/noticia\/2024\/08\/09\/aviao-cai-no-interior-de-sp-possiveis-causas.ghtml\">a queda em espiral sugere a ocorr\u00eancia de um estol<\/a>&nbsp;\u2014 que acontece quando a aeronave perde a sustenta\u00e7\u00e3o que lhe permite voar \u2014, segundo especialistas.<\/p>\n\n\n\n<p>Veja, abaixo,&nbsp;<strong>da decolagem \u00e0 queda, a cronologia do acidente<\/strong>&nbsp;da Voepass,&nbsp;<a class=\"\" href=\"https:\/\/g1.globo.com\/sp\/campinas-regiao\/noticia\/2024\/08\/09\/acidente-em-vinhedo-sp-relembre-outras-quedas.ghtml\">o maior do pa\u00eds em n\u00famero de v\u00edtimas desde 2007<\/a>, quando um avi\u00e3o atingiu edif\u00edcio em S\u00e3o Paulo ao tentar pousar.<\/p>\n\n\n\n<p>Inicialmente, a Voepass noticiou que 61 pessoas tinham morrido ap\u00f3s a queda do avi\u00e3o. Na manh\u00e3 de s\u00e1bado (10),&nbsp;<a class=\"\" href=\"https:\/\/g1.globo.com\/sp\/campinas-regiao\/noticia\/2024\/08\/10\/companhia-aerea-confirma-mais-uma-morte-em-queda-de-aviao-em-vinhedo-e-numero-de-vitimas-sobe-para-62.ghtml\">o n\u00famero de mortes subiu para 62.<\/a><\/p>\n\n\n\n<ul>\n<li>A aeronave decolou \u00e0s\u00a0<strong>11h56<\/strong>\u00a0e o voo seguiu tranquilo at\u00e9\u00a0<strong>13h20<\/strong>.<\/li>\n\n\n\n<li>O avi\u00e3o subiu at\u00e9 atingir 5 mil metros de altitude \u00e0s\u00a0<strong>12h23<\/strong>, e seguiu nessa altura at\u00e9 as\u00a0<strong>13h21<\/strong>, quando come\u00e7ou a perder altitude, segundo a plataforma Flightradar.<\/li>\n\n\n\n<li>Nesse momento,\u00a0<strong>a aeronave fez uma curva brusca<\/strong>.<\/li>\n\n\n\n<li>De acordo com a For\u00e7a A\u00e9rea Brasileira (FAB), a partir das\u00a0<strong>13h21<\/strong>\u00a0a aeronave n\u00e3o respondeu \u00e0s chamadas do Controle de Aproxima\u00e7\u00e3o de S\u00e3o Paulo, bem como n\u00e3o declarou emerg\u00eancia ou reportou estar sob condi\u00e7\u00f5es meteorol\u00f3gicas adversas.<\/li>\n\n\n\n<li>\u00c0s\u00a0<strong>13h22<\/strong>\u00a0\u2013 um minuto depois do hor\u00e1rio do \u00faltimo registro \u2013 a altitude estava em 1.250 metros,\u00a0<strong>uma queda de aproximadamente 4 mil metros<\/strong>.<\/li>\n\n\n\n<li>A velocidade dessa queda foi de 440 km\/h.<\/li>\n\n\n\n<li>O Departamento de Controle do Espa\u00e7o A\u00e9reo (DECEA) informou que o &#8216;Salvaero&#8217; foi acionado \u00e0s\u00a0<strong>13h26<\/strong>\u00a0e encontrou a aeronave acidentada dentro de um condom\u00ednio.<\/li>\n<\/ul>\n\n\n\n<p><\/p>\n","protected":false},"excerpt":{"rendered":"<p>G1-MT Com a conclus\u00e3o da&nbsp;retirada dos corpos das 62 v\u00edtimas da trag\u00e9dia a\u00e9rea&nbsp;em&nbsp;Vinhedo (SP)&nbsp;e a remo\u00e7\u00e3o dos motores e cauda para a per\u00edcia, os pr\u00f3ximos passos das equipes no local da queda do avi\u00e3o incluem o&nbsp;envio dos destro\u00e7os ao Centro de Investiga\u00e7\u00e3o e Preven\u00e7\u00e3o de Acidentes Aeron\u00e1uticos (Cenipa), que prev\u00ea um relat\u00f3rio preliminar sobre as [&hellip;]<\/p>\n","protected":false},"author":2,"featured_media":2105,"comment_status":"closed","ping_status":"closed","sticky":false,"template":"","format":"standard","meta":{"_monsterinsights_skip_tracking":false,"_monsterinsights_sitenote_active":false,"_monsterinsights_sitenote_note":"","_monsterinsights_sitenote_category":0,"footnotes":""},"categories":[37,1],"tags":[],"_links":{"self":[{"href":"https:\/\/nazarenonews.com.br\/index.php\/wp-json\/wp\/v2\/posts\/2104"}],"collection":[{"href":"https:\/\/nazarenonews.com.br\/index.php\/wp-json\/wp\/v2\/posts"}],"about":[{"href":"https:\/\/nazarenonews.com.br\/index.php\/wp-json\/wp\/v2\/types\/post"}],"author":[{"embeddable":true,"href":"https:\/\/nazarenonews.com.br\/index.php\/wp-json\/wp\/v2\/users\/2"}],"replies":[{"embeddable":true,"href":"https:\/\/nazarenonews.com.br\/index.php\/wp-json\/wp\/v2\/comments?post=2104"}],"version-history":[{"count":1,"href":"https:\/\/nazarenonews.com.br\/index.php\/wp-json\/wp\/v2\/posts\/2104\/revisions"}],"predecessor-version":[{"id":2106,"href":"https:\/\/nazarenonews.com.br\/index.php\/wp-json\/wp\/v2\/posts\/2104\/revisions\/2106"}],"wp:featuredmedia":[{"embeddable":true,"href":"https:\/\/nazarenonews.com.br\/index.php\/wp-json\/wp\/v2\/media\/2105"}],"wp:attachment":[{"href":"https:\/\/nazarenonews.com.br\/index.php\/wp-json\/wp\/v2\/media?parent=2104"}],"wp:term":[{"taxonomy":"category","embeddable":true,"href":"https:\/\/nazarenonews.com.br\/index.php\/wp-json\/wp\/v2\/categories?post=2104"},{"taxonomy":"post_tag","embeddable":true,"href":"https:\/\/nazarenonews.com.br\/index.php\/wp-json\/wp\/v2\/tags?post=2104"}],"curies":[{"name":"wp","href":"https:\/\/api.w.org\/{rel}","templated":true}]}}