{"id":21039,"date":"2026-03-16T07:00:51","date_gmt":"2026-03-16T11:00:51","guid":{"rendered":"https:\/\/nazarenonews.com.br\/?p=21039"},"modified":"2026-03-16T07:00:52","modified_gmt":"2026-03-16T11:00:52","slug":"previsao-do-tempo-chuvas-intensas-marcam-a-segunda-feira-16-no-centro-oeste","status":"publish","type":"post","link":"https:\/\/nazarenonews.com.br\/index.php\/2026\/03\/16\/previsao-do-tempo-chuvas-intensas-marcam-a-segunda-feira-16-no-centro-oeste\/","title":{"rendered":"PREVIS\u00c3O DO TEMPO: Chuvas intensas marcam a segunda-feira (16) no Centro-Oeste"},"content":{"rendered":"\n<p>Em Mato Grosso do Sul, as precipita\u00e7\u00f5es mais intensas s\u00e3o previstas para Rio Verde de Mato Grosso, Corumb\u00e1 e Sonora, munic\u00edpios da Regi\u00e3o Norte do estado<\/p>\n\n\n\n<p>Data de publica\u00e7\u00e3o: 15 de Mar\u00e7o de 2026, 18:30h<\/p>\n\n\n\n<p>A&nbsp;<strong>segunda-feira (16)<\/strong>&nbsp;ter\u00e1 tempo&nbsp;<strong>inst\u00e1vel&nbsp;<\/strong>na&nbsp;<strong>Regi\u00e3o Centro-Oeste&nbsp;<\/strong>do pa\u00eds.<\/p>\n\n\n\n<p>Em&nbsp;<strong>Mato Grosso do Sul<\/strong>, as&nbsp;<strong>precipita\u00e7\u00f5es&nbsp;<\/strong>mais intensas s\u00e3o previstas para Rio Verde de Mato Grosso, Corumb\u00e1 e Sonora, munic\u00edpios da Regi\u00e3o Norte do estado.<\/p>\n\n\n\n<p>Em&nbsp;<strong>Goi\u00e1s<\/strong>, a previs\u00e3o indica&nbsp;<strong>fortes chuvas<\/strong>&nbsp;em Rio Verde, Caiap\u00f4nia e Aparecida do Rio Doce, cidades da Regi\u00e3o Sudoeste goiana.<\/p>\n\n\n\n<p>No&nbsp;<strong>Distrito Federal&nbsp;<\/strong>e em&nbsp;<strong>Mato Grosso<\/strong>, a expectativa \u00e9 de<strong>&nbsp;muitas nuvens com pancadas de chuva e trovoadas isoladas<\/strong>&nbsp;ao longo do dia.<\/p>\n\n\n\n<p>Entre as capitais, a temperatura m\u00ednima prevista \u00e9 de 18\u00b0C, em Bras\u00edlia. J\u00e1 a m\u00e1xima deve chegar a 33\u00b0C, em Campo Grande. A umidade relativa do ar varia entre 60% e 100%.<\/p>\n\n\n\n<h2 class=\"wp-block-heading\">5 motivos para acompanhar as previs\u00f5es do tempo<\/h2>\n\n\n\n<ul>\n<li>Agricultura: garantia de uma boa colheita;<\/li>\n\n\n\n<li>Marinha: prote\u00e7\u00e3o de marinheiros, navios e passageiros;<\/li>\n\n\n\n<li>Aeron\u00e1utica: seguran\u00e7a de pilotos, aeronaves e passageiros;<\/li>\n\n\n\n<li>Pesca: condi\u00e7\u00f5es favor\u00e1veis e seguras para a atividade;<\/li>\n\n\n\n<li>Turismo: garantia de passeios e viagens tranquilas e agrad\u00e1veis.<\/li>\n<\/ul>\n\n\n\n<h2 class=\"wp-block-heading\">Import\u00e2ncia das observa\u00e7\u00f5es meteorol\u00f3gicas no INMET<\/h2>\n\n\n\n<p>As observa\u00e7\u00f5es meteorol\u00f3gicas do&nbsp;<a href=\"https:\/\/portal.inmet.gov.br\/\">INMET<\/a>&nbsp;s\u00e3o essenciais para previs\u00f5es em tempo real, estat\u00edsticas clim\u00e1ticas e coopera\u00e7\u00e3o internacional. Esses dados precisos ajudam a estudar o clima passado e a produzir Normais Climatol\u00f3gicas conforme a&nbsp;<strong>Organiza\u00e7\u00e3o Meteorol\u00f3gica Mundial&nbsp;<\/strong>(<a href=\"https:\/\/worldweather.wmo.int\/pt\/home.html\">OMM<\/a>).<\/p>\n\n\n\n<p>As informa\u00e7\u00f5es s\u00e3o do&nbsp;<strong>Instituto Nacional de Meteorologia<\/strong>&nbsp;(<a href=\"https:\/\/portal.inmet.gov.br\/\">Inmet<\/a>).<\/p>\n","protected":false},"excerpt":{"rendered":"<p>Em Mato Grosso do Sul, as precipita\u00e7\u00f5es mais intensas s\u00e3o previstas para Rio Verde de Mato Grosso, Corumb\u00e1 e Sonora, munic\u00edpios da Regi\u00e3o Norte do estado Data de publica\u00e7\u00e3o: 15 de Mar\u00e7o de 2026, 18:30h A&nbsp;segunda-feira (16)&nbsp;ter\u00e1 tempo&nbsp;inst\u00e1vel&nbsp;na&nbsp;Regi\u00e3o Centro-Oeste&nbsp;do pa\u00eds. Em&nbsp;Mato Grosso do Sul, as&nbsp;precipita\u00e7\u00f5es&nbsp;mais intensas s\u00e3o previstas para Rio Verde de Mato Grosso, Corumb\u00e1 [&hellip;]<\/p>\n","protected":false},"author":2,"featured_media":20807,"comment_status":"closed","ping_status":"closed","sticky":false,"template":"","format":"standard","meta":{"_monsterinsights_skip_tracking":false,"_monsterinsights_sitenote_active":false,"_monsterinsights_sitenote_note":"","_monsterinsights_sitenote_category":0,"footnotes":""},"categories":[52],"tags":[],"_links":{"self":[{"href":"https:\/\/nazarenonews.com.br\/index.php\/wp-json\/wp\/v2\/posts\/21039"}],"collection":[{"href":"https:\/\/nazarenonews.com.br\/index.php\/wp-json\/wp\/v2\/posts"}],"about":[{"href":"https:\/\/nazarenonews.com.br\/index.php\/wp-json\/wp\/v2\/types\/post"}],"author":[{"embeddable":true,"href":"https:\/\/nazarenonews.com.br\/index.php\/wp-json\/wp\/v2\/users\/2"}],"replies":[{"embeddable":true,"href":"https:\/\/nazarenonews.com.br\/index.php\/wp-json\/wp\/v2\/comments?post=21039"}],"version-history":[{"count":1,"href":"https:\/\/nazarenonews.com.br\/index.php\/wp-json\/wp\/v2\/posts\/21039\/revisions"}],"predecessor-version":[{"id":21040,"href":"https:\/\/nazarenonews.com.br\/index.php\/wp-json\/wp\/v2\/posts\/21039\/revisions\/21040"}],"wp:featuredmedia":[{"embeddable":true,"href":"https:\/\/nazarenonews.com.br\/index.php\/wp-json\/wp\/v2\/media\/20807"}],"wp:attachment":[{"href":"https:\/\/nazarenonews.com.br\/index.php\/wp-json\/wp\/v2\/media?parent=21039"}],"wp:term":[{"taxonomy":"category","embeddable":true,"href":"https:\/\/nazarenonews.com.br\/index.php\/wp-json\/wp\/v2\/categories?post=21039"},{"taxonomy":"post_tag","embeddable":true,"href":"https:\/\/nazarenonews.com.br\/index.php\/wp-json\/wp\/v2\/tags?post=21039"}],"curies":[{"name":"wp","href":"https:\/\/api.w.org\/{rel}","templated":true}]}}