{"id":21026,"date":"2026-03-16T06:54:11","date_gmt":"2026-03-16T10:54:11","guid":{"rendered":"https:\/\/nazarenonews.com.br\/?p=21026"},"modified":"2026-03-16T06:54:11","modified_gmt":"2026-03-16T10:54:11","slug":"oab-mt-reage-a-decisao-de-moraes-contra-jornalista-e-ve-risco-a-liberdade-de-imprensa","status":"publish","type":"post","link":"https:\/\/nazarenonews.com.br\/index.php\/2026\/03\/16\/oab-mt-reage-a-decisao-de-moraes-contra-jornalista-e-ve-risco-a-liberdade-de-imprensa\/","title":{"rendered":"OAB-MT reage \u00e0 decis\u00e3o de Moraes contra jornalista e v\u00ea risco \u00e0 liberdade de imprensa"},"content":{"rendered":"\n<p>A Ordem dos Advogados do Brasil &#8211; Seccional Mato Grosso (OAB-MT) repudiou a decis\u00e3o judicial que determinou busca e apreens\u00e3o na casa do jornalista Lu\u00eds Pablo Concei\u00e7\u00e3o, no Maranh\u00e3o. A medida foi determinada pelo ministro Alexandre de Moraes, do Supremo Tribunal Federal (STF), ap\u00f3s o profissional publicar reportagens sobre o suposto uso irregular de ve\u00edculos oficiais por familiares do ministro Fl\u00e1vio Dino.<\/p>\n\n\n\n<p>Na manifesta\u00e7\u00e3o, a entidade afirmou que a decis\u00e3o, cujos fundamentos n\u00e3o foram amplamente divulgados, pode representar risco \u00e0 liberdade de imprensa, \u00e0 liberdade de express\u00e3o e ao sigilo da fonte, garantias previstas na Constitui\u00e7\u00e3o Federal. Para a OAB-MT, o jornalismo livre e respons\u00e1vel \u00e9 um dos pilares do Estado Democr\u00e1tico de Direito e exerce papel essencial na fiscaliza\u00e7\u00e3o dos atos p\u00fablicos e na promo\u00e7\u00e3o da transpar\u00eancia institucional.<\/p>\n\n\n\n<p>\u201cA determina\u00e7\u00e3o, que n\u00e3o foi devidamente esclarecida, pode configurar risco direto \u00e0 liberdade de imprensa, \u00e0 liberdade de express\u00e3o e ao sigilo da fonte, garantias asseguradas pela Constitui\u00e7\u00e3o Federal\u201d, diz trecho da nota.<\/p>\n\n\n\n<p>A seccional tamb\u00e9m destacou que medidas restritivas adotadas sob sigilo e sem ampla publicidade dos fundamentos podem gerar inseguran\u00e7a jur\u00eddica e preocupa\u00e7\u00e3o p\u00fablica. Por fim, reafirmou que a democracia exige respeito irrestrito \u00e0s garantias fundamentais, ao devido processo legal e \u00e0 liberdade de informa\u00e7\u00e3o.<\/p>\n\n\n\n<p>Rep\u00f3rter MT<\/p>\n","protected":false},"excerpt":{"rendered":"<p>A Ordem dos Advogados do Brasil &#8211; Seccional Mato Grosso (OAB-MT) repudiou a decis\u00e3o judicial que determinou busca e apreens\u00e3o na casa do jornalista Lu\u00eds Pablo Concei\u00e7\u00e3o, no Maranh\u00e3o. A medida foi determinada pelo ministro Alexandre de Moraes, do Supremo Tribunal Federal (STF), ap\u00f3s o profissional publicar reportagens sobre o suposto uso irregular de ve\u00edculos [&hellip;]<\/p>\n","protected":false},"author":2,"featured_media":21027,"comment_status":"closed","ping_status":"closed","sticky":false,"template":"","format":"standard","meta":{"_monsterinsights_skip_tracking":false,"_monsterinsights_sitenote_active":false,"_monsterinsights_sitenote_note":"","_monsterinsights_sitenote_category":0,"footnotes":""},"categories":[37,1,39,48],"tags":[],"_links":{"self":[{"href":"https:\/\/nazarenonews.com.br\/index.php\/wp-json\/wp\/v2\/posts\/21026"}],"collection":[{"href":"https:\/\/nazarenonews.com.br\/index.php\/wp-json\/wp\/v2\/posts"}],"about":[{"href":"https:\/\/nazarenonews.com.br\/index.php\/wp-json\/wp\/v2\/types\/post"}],"author":[{"embeddable":true,"href":"https:\/\/nazarenonews.com.br\/index.php\/wp-json\/wp\/v2\/users\/2"}],"replies":[{"embeddable":true,"href":"https:\/\/nazarenonews.com.br\/index.php\/wp-json\/wp\/v2\/comments?post=21026"}],"version-history":[{"count":1,"href":"https:\/\/nazarenonews.com.br\/index.php\/wp-json\/wp\/v2\/posts\/21026\/revisions"}],"predecessor-version":[{"id":21028,"href":"https:\/\/nazarenonews.com.br\/index.php\/wp-json\/wp\/v2\/posts\/21026\/revisions\/21028"}],"wp:featuredmedia":[{"embeddable":true,"href":"https:\/\/nazarenonews.com.br\/index.php\/wp-json\/wp\/v2\/media\/21027"}],"wp:attachment":[{"href":"https:\/\/nazarenonews.com.br\/index.php\/wp-json\/wp\/v2\/media?parent=21026"}],"wp:term":[{"taxonomy":"category","embeddable":true,"href":"https:\/\/nazarenonews.com.br\/index.php\/wp-json\/wp\/v2\/categories?post=21026"},{"taxonomy":"post_tag","embeddable":true,"href":"https:\/\/nazarenonews.com.br\/index.php\/wp-json\/wp\/v2\/tags?post=21026"}],"curies":[{"name":"wp","href":"https:\/\/api.w.org\/{rel}","templated":true}]}}