{"id":21020,"date":"2026-03-15T11:22:26","date_gmt":"2026-03-15T15:22:26","guid":{"rendered":"https:\/\/nazarenonews.com.br\/?p=21020"},"modified":"2026-03-15T11:22:27","modified_gmt":"2026-03-15T15:22:27","slug":"guarda-revolucionaria-do-ira-ameaca-netanyahu-de-morte-e-anuncia-nova-onda-de-ataques","status":"publish","type":"post","link":"https:\/\/nazarenonews.com.br\/index.php\/2026\/03\/15\/guarda-revolucionaria-do-ira-ameaca-netanyahu-de-morte-e-anuncia-nova-onda-de-ataques\/","title":{"rendered":"Guarda Revolucion\u00e1ria do Ir\u00e3 amea\u00e7a Netanyahu de morte e anuncia nova onda de ataques"},"content":{"rendered":"\n<p>A Guarda Revolucion\u00e1ria do Ir\u00e3 afirmou neste domingo (15) que &#8220;perseguir\u00e1 sem descanso&#8221; o primeiro-ministro israelense, Benjamin Netanyahu, para acabar com a sua vida.<\/p>\n\n\n\n<p>&#8220;Seguiremos perseguindo sem descanso e mataremos com for\u00e7a o criminoso primeiro-ministro sionista, se \u00e9 que ele continua vivo&#8221;, disse a for\u00e7a militar de elite em um comunicado emitido por seu escrit\u00f3rio de rela\u00e7\u00f5es p\u00fablicas e divulgado pelo site&nbsp;<em>Sepah News<\/em>, vinculado \u00e0 Guarda.<\/p>\n\n\n\n<p>A amea\u00e7a coincidiu com o lan\u00e7amento da 52\u00aa onda de ataques iranianos contra setores industriais em Israel e for\u00e7as americanas no Oriente M\u00e9dio, segundo anunciou a Guarda Revolucion\u00e1ria, que n\u00e3o especificou de qual pa\u00eds se tratava.<\/p>\n\n\n\n<p>Israel e EUA eliminaram v\u00e1rios altos funcion\u00e1rios iranianos, entre eles o ent\u00e3o l\u00edder supremo, Ali Khamenei, o comandante-em-chefe da Guarda Revolucion\u00e1ria do Ir\u00e3, general Mohammad Pakpour, e o chefe do Estado-Maior das For\u00e7as Armadas iranianas, general Abdolrahim Mousavi.<\/p>\n\n\n\n<p>A for\u00e7a conjunta tem bombardeado diariamente o pa\u00eds persa, que tem respondido com ataques a instala\u00e7\u00f5es americanas e energ\u00e9ticas na regi\u00e3o, al\u00e9m do bloqueio do Estreito de Ormuz.<\/p>\n\n\n\n<p>A Guarda Revolucion\u00e1ria anunciou neste domingo o uso, pela primeira vez, do m\u00edssil bal\u00edstico de combust\u00edvel s\u00f3lido\u00a0<em>Sejil<\/em>\u00a0em uma nova onda de ataques contra alvos militares em Israel, segundo comunicado divulgado pela ag\u00eancia de not\u00edcias\u00a0<em>Mehr<\/em>. O Sejil, com alcance de at\u00e9 dois mil quil\u00f4metros, permite lan\u00e7amentos r\u00e1pidos a partir de plataformas m\u00f3veis.<\/p>\n\n\n\n<p>Gazetadigital<\/p>\n","protected":false},"excerpt":{"rendered":"<p>A Guarda Revolucion\u00e1ria do Ir\u00e3 afirmou neste domingo (15) que &#8220;perseguir\u00e1 sem descanso&#8221; o primeiro-ministro israelense, Benjamin Netanyahu, para acabar com a sua vida. &#8220;Seguiremos perseguindo sem descanso e mataremos com for\u00e7a o criminoso primeiro-ministro sionista, se \u00e9 que ele continua vivo&#8221;, disse a for\u00e7a militar de elite em um comunicado emitido por seu escrit\u00f3rio [&hellip;]<\/p>\n","protected":false},"author":2,"featured_media":21021,"comment_status":"closed","ping_status":"closed","sticky":false,"template":"","format":"standard","meta":{"_monsterinsights_skip_tracking":false,"_monsterinsights_sitenote_active":false,"_monsterinsights_sitenote_note":"","_monsterinsights_sitenote_category":0,"footnotes":""},"categories":[1],"tags":[],"_links":{"self":[{"href":"https:\/\/nazarenonews.com.br\/index.php\/wp-json\/wp\/v2\/posts\/21020"}],"collection":[{"href":"https:\/\/nazarenonews.com.br\/index.php\/wp-json\/wp\/v2\/posts"}],"about":[{"href":"https:\/\/nazarenonews.com.br\/index.php\/wp-json\/wp\/v2\/types\/post"}],"author":[{"embeddable":true,"href":"https:\/\/nazarenonews.com.br\/index.php\/wp-json\/wp\/v2\/users\/2"}],"replies":[{"embeddable":true,"href":"https:\/\/nazarenonews.com.br\/index.php\/wp-json\/wp\/v2\/comments?post=21020"}],"version-history":[{"count":1,"href":"https:\/\/nazarenonews.com.br\/index.php\/wp-json\/wp\/v2\/posts\/21020\/revisions"}],"predecessor-version":[{"id":21022,"href":"https:\/\/nazarenonews.com.br\/index.php\/wp-json\/wp\/v2\/posts\/21020\/revisions\/21022"}],"wp:featuredmedia":[{"embeddable":true,"href":"https:\/\/nazarenonews.com.br\/index.php\/wp-json\/wp\/v2\/media\/21021"}],"wp:attachment":[{"href":"https:\/\/nazarenonews.com.br\/index.php\/wp-json\/wp\/v2\/media?parent=21020"}],"wp:term":[{"taxonomy":"category","embeddable":true,"href":"https:\/\/nazarenonews.com.br\/index.php\/wp-json\/wp\/v2\/categories?post=21020"},{"taxonomy":"post_tag","embeddable":true,"href":"https:\/\/nazarenonews.com.br\/index.php\/wp-json\/wp\/v2\/tags?post=21020"}],"curies":[{"name":"wp","href":"https:\/\/api.w.org\/{rel}","templated":true}]}}