{"id":21016,"date":"2026-03-15T11:15:50","date_gmt":"2026-03-15T15:15:50","guid":{"rendered":"https:\/\/nazarenonews.com.br\/?p=21016"},"modified":"2026-03-15T11:15:58","modified_gmt":"2026-03-15T15:15:58","slug":"bolsonaro-teve-piora-em-quadro-inflamatorio-e-ampliou-uso-de-antibioticos","status":"publish","type":"post","link":"https:\/\/nazarenonews.com.br\/index.php\/2026\/03\/15\/bolsonaro-teve-piora-em-quadro-inflamatorio-e-ampliou-uso-de-antibioticos\/","title":{"rendered":"Bolsonaro teve piora em quadro inflamat\u00f3rio e ampliou uso de antibi\u00f3ticos"},"content":{"rendered":"\n<p>O ex-presidente\u00a0<a href=\"https:\/\/www.metropoles.com\/tag\/jair-bolsonaro\">Jair Bolsonaro<\/a>\u00a0(PL) teve uma evolu\u00e7\u00e3o cl\u00ednica e melhora da fun\u00e7\u00e3o renal. Entretendo, apresentou uma\u00a0<strong>\u201cnova eleva\u00e7\u00e3o dos marcadores inflamat\u00f3rios no sangue\u201d<\/strong>. Por esse motivo, houve a necessidade de\u00a0<strong>aumentar a cobertura dos antibi\u00f3ticos.<\/strong><\/p>\n\n\n\n<p>O&nbsp;<a href=\"https:\/\/www.metropoles.com\/brasil\/apos-piora-na-funcao-renal-hospital-divulga-novo-boletim-sobre-bolsonaro\">boletim m\u00e9dico divulgado neste domingo (15\/3)<\/a>&nbsp;diz que ele segue com \u201csuporte cl\u00ednico intensivo e com intensifica\u00e7\u00e3o da fisioterapia respirat\u00f3ria e motora\u201d.&nbsp;Por ora, n\u00e3o h\u00e1 previs\u00e3o de alta da Unidade de Tratamento Intensitva (UTI).<\/p>\n\n\n\n<p>O documento \u00e9 assinado pela equipe m\u00e9dica que acompanha Bolsonaro. O ex-chefe do Executivo est\u00e1\u00a0<a href=\"https:\/\/www.metropoles.com\/colunas\/grande-angular\/bolsonaro-esta-em-uti-apos-apresentar-febre-alta-sudorese-e-calafrios\">internado no hospital DF Star, em Bras\u00edlia, desde sexta-feira (13\/3)<\/a>, por conta de um quadro de broncopneumonia bacteriana bilateral.<\/p>\n\n\n\n<p>Metr\u00f3poles <\/p>\n","protected":false},"excerpt":{"rendered":"<p>O ex-presidente\u00a0Jair Bolsonaro\u00a0(PL) teve uma evolu\u00e7\u00e3o cl\u00ednica e melhora da fun\u00e7\u00e3o renal. Entretendo, apresentou uma\u00a0\u201cnova eleva\u00e7\u00e3o dos marcadores inflamat\u00f3rios no sangue\u201d. Por esse motivo, houve a necessidade de\u00a0aumentar a cobertura dos antibi\u00f3ticos. O&nbsp;boletim m\u00e9dico divulgado neste domingo (15\/3)&nbsp;diz que ele segue com \u201csuporte cl\u00ednico intensivo e com intensifica\u00e7\u00e3o da fisioterapia respirat\u00f3ria e motora\u201d.&nbsp;Por ora, n\u00e3o [&hellip;]<\/p>\n","protected":false},"author":2,"featured_media":21017,"comment_status":"closed","ping_status":"closed","sticky":false,"template":"","format":"standard","meta":{"_monsterinsights_skip_tracking":false,"_monsterinsights_sitenote_active":false,"_monsterinsights_sitenote_note":"","_monsterinsights_sitenote_category":0,"footnotes":""},"categories":[1],"tags":[],"_links":{"self":[{"href":"https:\/\/nazarenonews.com.br\/index.php\/wp-json\/wp\/v2\/posts\/21016"}],"collection":[{"href":"https:\/\/nazarenonews.com.br\/index.php\/wp-json\/wp\/v2\/posts"}],"about":[{"href":"https:\/\/nazarenonews.com.br\/index.php\/wp-json\/wp\/v2\/types\/post"}],"author":[{"embeddable":true,"href":"https:\/\/nazarenonews.com.br\/index.php\/wp-json\/wp\/v2\/users\/2"}],"replies":[{"embeddable":true,"href":"https:\/\/nazarenonews.com.br\/index.php\/wp-json\/wp\/v2\/comments?post=21016"}],"version-history":[{"count":2,"href":"https:\/\/nazarenonews.com.br\/index.php\/wp-json\/wp\/v2\/posts\/21016\/revisions"}],"predecessor-version":[{"id":21019,"href":"https:\/\/nazarenonews.com.br\/index.php\/wp-json\/wp\/v2\/posts\/21016\/revisions\/21019"}],"wp:featuredmedia":[{"embeddable":true,"href":"https:\/\/nazarenonews.com.br\/index.php\/wp-json\/wp\/v2\/media\/21017"}],"wp:attachment":[{"href":"https:\/\/nazarenonews.com.br\/index.php\/wp-json\/wp\/v2\/media?parent=21016"}],"wp:term":[{"taxonomy":"category","embeddable":true,"href":"https:\/\/nazarenonews.com.br\/index.php\/wp-json\/wp\/v2\/categories?post=21016"},{"taxonomy":"post_tag","embeddable":true,"href":"https:\/\/nazarenonews.com.br\/index.php\/wp-json\/wp\/v2\/tags?post=21016"}],"curies":[{"name":"wp","href":"https:\/\/api.w.org\/{rel}","templated":true}]}}