{"id":21013,"date":"2026-03-15T11:13:00","date_gmt":"2026-03-15T15:13:00","guid":{"rendered":"https:\/\/nazarenonews.com.br\/?p=21013"},"modified":"2026-03-15T11:13:00","modified_gmt":"2026-03-15T15:13:00","slug":"veja-quem-sao-os-quatro-bandidos-mortos-em-confronto-com-a-pm-em-sao-jose-do-rio-claro","status":"publish","type":"post","link":"https:\/\/nazarenonews.com.br\/index.php\/2026\/03\/15\/veja-quem-sao-os-quatro-bandidos-mortos-em-confronto-com-a-pm-em-sao-jose-do-rio-claro\/","title":{"rendered":"Veja quem s\u00e3o os quatro bandidos mortos em confronto com a PM em S\u00e3o Jos\u00e9 do Rio Claro"},"content":{"rendered":"\n<p>Os quatro bandidos que morreram ap\u00f3s confronto com policiais militares na noite dessa sexta-feira (13), em S\u00e3o Jos\u00e9 do Rio Claro (a 297 km de Cuiab\u00e1), foram identificados como&nbsp;Pedro Henrique Melo dos Santos, Alan Santos da Cruz e \u00candriu Santos Souza, ambos de 18 anos, e P.M.S, menor de idade.<\/p>\n\n\n\n<p>O confronto aconteceu depois que o bando tentou matar um desafeto e fugiu em um carro pela cidade.<\/p>\n\n\n\n<p>De acordo com a Pol\u00edcia Militar, a ocorr\u00eancia foi registrada por volta das 19h25, nas proximidades do bairro Santa Terezinha. Informa\u00e7\u00f5es repassadas \u00e0s equipes indicavam que os quatro criminosos estavam em um Gol branco e teriam atirado contra uma pessoa na Rua dos Pequis.<\/p>\n\n\n\n<p>Ap\u00f3s o ataque, os bandidos fugiram. Durante buscas na regi\u00e3o, policiais localizaram o ve\u00edculo e iniciaram o acompanhamento, acionando sinais sonoros e luminosos para que o motorista parasse.<\/p>\n\n\n\n<p>Os criminosos, no entanto, ignoraram a ordem e aceleraram, iniciando uma fuga por diversas ruas da cidade.<\/p>\n\n\n\n<p>Durante a persegui\u00e7\u00e3o, j\u00e1 na Rua Rio Grande do Norte, no bairro Novo Horizonte, um dos bandidos arremessou pela janela do carro um objeto semelhante a um rev\u00f3lver. Na sequ\u00eancia, outro criminoso que estava dentro do ve\u00edculo passou a atirar contra os policiais.<\/p>\n\n\n\n<p>Diante do ataque, os militares revidaram os disparos.<\/p>\n\n\n\n<p>Ap\u00f3s o confronto, os quatro bandidos foram atingidos. Tr\u00eas ca\u00edram do lado de fora do carro, e um permaneceu dentro do ve\u00edculo.<\/p>\n\n\n\n<p>Uma equipe de resgate foi acionada, mas, quando chegou ao local, apenas confirmou as mortes.<\/p>\n\n\n\n<p>Rep\u00f3rter MT<\/p>\n","protected":false},"excerpt":{"rendered":"<p>Os quatro bandidos que morreram ap\u00f3s confronto com policiais militares na noite dessa sexta-feira (13), em S\u00e3o Jos\u00e9 do Rio Claro (a 297 km de Cuiab\u00e1), foram identificados como&nbsp;Pedro Henrique Melo dos Santos, Alan Santos da Cruz e \u00candriu Santos Souza, ambos de 18 anos, e P.M.S, menor de idade. O confronto aconteceu depois que [&hellip;]<\/p>\n","protected":false},"author":2,"featured_media":21014,"comment_status":"closed","ping_status":"closed","sticky":false,"template":"","format":"standard","meta":{"_monsterinsights_skip_tracking":false,"_monsterinsights_sitenote_active":false,"_monsterinsights_sitenote_note":"","_monsterinsights_sitenote_category":0,"footnotes":""},"categories":[1],"tags":[],"_links":{"self":[{"href":"https:\/\/nazarenonews.com.br\/index.php\/wp-json\/wp\/v2\/posts\/21013"}],"collection":[{"href":"https:\/\/nazarenonews.com.br\/index.php\/wp-json\/wp\/v2\/posts"}],"about":[{"href":"https:\/\/nazarenonews.com.br\/index.php\/wp-json\/wp\/v2\/types\/post"}],"author":[{"embeddable":true,"href":"https:\/\/nazarenonews.com.br\/index.php\/wp-json\/wp\/v2\/users\/2"}],"replies":[{"embeddable":true,"href":"https:\/\/nazarenonews.com.br\/index.php\/wp-json\/wp\/v2\/comments?post=21013"}],"version-history":[{"count":1,"href":"https:\/\/nazarenonews.com.br\/index.php\/wp-json\/wp\/v2\/posts\/21013\/revisions"}],"predecessor-version":[{"id":21015,"href":"https:\/\/nazarenonews.com.br\/index.php\/wp-json\/wp\/v2\/posts\/21013\/revisions\/21015"}],"wp:featuredmedia":[{"embeddable":true,"href":"https:\/\/nazarenonews.com.br\/index.php\/wp-json\/wp\/v2\/media\/21014"}],"wp:attachment":[{"href":"https:\/\/nazarenonews.com.br\/index.php\/wp-json\/wp\/v2\/media?parent=21013"}],"wp:term":[{"taxonomy":"category","embeddable":true,"href":"https:\/\/nazarenonews.com.br\/index.php\/wp-json\/wp\/v2\/categories?post=21013"},{"taxonomy":"post_tag","embeddable":true,"href":"https:\/\/nazarenonews.com.br\/index.php\/wp-json\/wp\/v2\/tags?post=21013"}],"curies":[{"name":"wp","href":"https:\/\/api.w.org\/{rel}","templated":true}]}}