{"id":2101,"date":"2024-08-11T11:15:12","date_gmt":"2024-08-11T15:15:12","guid":{"rendered":"https:\/\/nazarenonews.com.br\/?p=2101"},"modified":"2024-08-11T11:15:13","modified_gmt":"2024-08-11T15:15:13","slug":"stf-proibe-uso-de-linguagem-neutra-em-escolas-e-concursos-publicos-realizados-em-rondonopolis","status":"publish","type":"post","link":"https:\/\/nazarenonews.com.br\/index.php\/2024\/08\/11\/stf-proibe-uso-de-linguagem-neutra-em-escolas-e-concursos-publicos-realizados-em-rondonopolis\/","title":{"rendered":"STF pro\u00edbe uso de linguagem neutra em escolas e concursos p\u00fablicos realizados em Rondon\u00f3polis"},"content":{"rendered":"\n<p>REP\u00d3RTERMT<\/p>\n\n\n\n<p>Em decis\u00e3o proferida pelo Plen\u00e1rio do Supremo Tribunal Federal (STF), atrav\u00e9s do ministro Fl\u00e1vio Dino, ficou proibido o uso de linguagem neutra em escolas e bancas examinadoras de sele\u00e7\u00e3o e de concursos p\u00fablicos municipais em Rondon\u00f3polis.<\/p>\n\n\n\n<p>A decis\u00e3o un\u00e2nime foi tomada na sess\u00e3o virtual conclu\u00edda na \u00faltima semana, no referendo de liminares em duas Argui\u00e7\u00f5es de Descumprimento de Preceito Fundamental: ADPF 1163 (MT) e ADPF 1159 (SC).<\/p>\n\n\n\n<p>As duas a\u00e7\u00f5es foram propostas pela Alian\u00e7a Nacional LGBTI+ e pela Associa\u00e7\u00e3o Brasileira de Fam\u00edlias Homotransafetivas (Abrafh).<\/p>\n\n\n\n<p><strong>Compet\u00eancia<\/strong><\/p>\n\n\n\n<p>No voto que conduziu o julgamento, o ministro Fl\u00e1vio Dino reiterou que compete privativamente \u00e0 Uni\u00e3o legislar sobre diretrizes e bases da educa\u00e7\u00e3o nacional, e essa compet\u00eancia foi exercida por meio da Lei de Diretrizes e Bases da Educa\u00e7\u00e3o \u2013 LDB (Lei 9.394\/1996).<\/p>\n\n\n\n<p>Ele ressaltou, ainda, que, de acordo com a jurisprud\u00eancia do STF, quest\u00f5es relacionadas a grades curriculares e restri\u00e7\u00f5es ao uso de materiais did\u00e1ticos no contexto do direito \u00e0 educa\u00e7\u00e3o dependem de regulamenta\u00e7\u00e3o nacional.<\/p>\n\n\n\n<p><\/p>\n","protected":false},"excerpt":{"rendered":"<p>REP\u00d3RTERMT Em decis\u00e3o proferida pelo Plen\u00e1rio do Supremo Tribunal Federal (STF), atrav\u00e9s do ministro Fl\u00e1vio Dino, ficou proibido o uso de linguagem neutra em escolas e bancas examinadoras de sele\u00e7\u00e3o e de concursos p\u00fablicos municipais em Rondon\u00f3polis. A decis\u00e3o un\u00e2nime foi tomada na sess\u00e3o virtual conclu\u00edda na \u00faltima semana, no referendo de liminares em duas [&hellip;]<\/p>\n","protected":false},"author":2,"featured_media":2102,"comment_status":"closed","ping_status":"closed","sticky":false,"template":"","format":"standard","meta":{"_monsterinsights_skip_tracking":false,"_monsterinsights_sitenote_active":false,"_monsterinsights_sitenote_note":"","_monsterinsights_sitenote_category":0,"footnotes":""},"categories":[37,1],"tags":[],"_links":{"self":[{"href":"https:\/\/nazarenonews.com.br\/index.php\/wp-json\/wp\/v2\/posts\/2101"}],"collection":[{"href":"https:\/\/nazarenonews.com.br\/index.php\/wp-json\/wp\/v2\/posts"}],"about":[{"href":"https:\/\/nazarenonews.com.br\/index.php\/wp-json\/wp\/v2\/types\/post"}],"author":[{"embeddable":true,"href":"https:\/\/nazarenonews.com.br\/index.php\/wp-json\/wp\/v2\/users\/2"}],"replies":[{"embeddable":true,"href":"https:\/\/nazarenonews.com.br\/index.php\/wp-json\/wp\/v2\/comments?post=2101"}],"version-history":[{"count":1,"href":"https:\/\/nazarenonews.com.br\/index.php\/wp-json\/wp\/v2\/posts\/2101\/revisions"}],"predecessor-version":[{"id":2103,"href":"https:\/\/nazarenonews.com.br\/index.php\/wp-json\/wp\/v2\/posts\/2101\/revisions\/2103"}],"wp:featuredmedia":[{"embeddable":true,"href":"https:\/\/nazarenonews.com.br\/index.php\/wp-json\/wp\/v2\/media\/2102"}],"wp:attachment":[{"href":"https:\/\/nazarenonews.com.br\/index.php\/wp-json\/wp\/v2\/media?parent=2101"}],"wp:term":[{"taxonomy":"category","embeddable":true,"href":"https:\/\/nazarenonews.com.br\/index.php\/wp-json\/wp\/v2\/categories?post=2101"},{"taxonomy":"post_tag","embeddable":true,"href":"https:\/\/nazarenonews.com.br\/index.php\/wp-json\/wp\/v2\/tags?post=2101"}],"curies":[{"name":"wp","href":"https:\/\/api.w.org\/{rel}","templated":true}]}}