{"id":21007,"date":"2026-03-14T16:32:58","date_gmt":"2026-03-14T20:32:58","guid":{"rendered":"https:\/\/nazarenonews.com.br\/?p=21007"},"modified":"2026-03-14T16:32:58","modified_gmt":"2026-03-14T20:32:58","slug":"boletim-medico-diz-que-bolsonaro-teve-piora-da-funcao-renal","status":"publish","type":"post","link":"https:\/\/nazarenonews.com.br\/index.php\/2026\/03\/14\/boletim-medico-diz-que-bolsonaro-teve-piora-da-funcao-renal\/","title":{"rendered":"Boletim m\u00e9dico diz que Bolsonaro teve \u201cpiora\u201d da fun\u00e7\u00e3o renal"},"content":{"rendered":"\n<p>Boletim m\u00e9dico divulgado neste s\u00e1bado (14\/3) afirma que o ex-presidente Jair Bolsonaro (PL) encontra-se \u201cest\u00e1vel clinicamente\u201d, mas apresentou \u201c<em><strong>piora na fun\u00e7\u00e3o renal e eleva\u00e7\u00e3o dos marcadores inflamat\u00f3rios\u201d.<\/strong><\/em><\/p>\n\n\n\n<p>O documento, assinado pela equipe m\u00e9dica do ex-chefe do Executivo, diz que ele mant\u00e9m o&nbsp;<em><strong>\u201ctratamento com antibi\u00f3ticos e hidrata\u00e7\u00e3o por via endovenosa, fisioterapia respirat\u00f3ria e motora, al\u00e9m das medidas de preven\u00e7\u00e3o de trombose venosa\u201d<\/strong><\/em>.<\/p>\n\n\n\n<p>N\u00e3o h\u00e1 previs\u00e3o de alta da Unidade Intensiva de Tratamento (UTI) neste momento, segundo o boletim.<\/p>\n\n\n\n<p>Bolsonaro foi internado no hospital DF Star, em Bras\u00edlia, por conta de um quadro de broncopneumonia bacteriana bilateral.<\/p>\n\n\n\n<p>De acordo com informa\u00e7\u00f5es antecipadas pela equipe m\u00e9dica, Bolsonaro apresentou febre alta, queda de satura\u00e7\u00e3o de oxig\u00eanio, sudorese intensa e calafrios enquanto estava detido na Papudinha, em Bras\u00edlia.<\/p>\n\n\n\n<p>Diante da piora cl\u00ednica, a equipe de plant\u00e3o optou por transferi-lo, na manh\u00e3 de sexta (13\/2), para avalia\u00e7\u00e3o hospitalar mais detalhada.<\/p>\n\n\n\n<p>O ex-presidente cumpre pena de 27 anos e 3 meses na Papudinha, pres\u00eddio localizado no complexo da Papuda, no Distrito Federal, desde o dia 15 de janeiro.<\/p>\n\n\n\n<p>Como mostou o Metr\u00f3poles, na coluna de Manoela Alc\u00e2ntara, laudo dos m\u00e9dicos que atendem o ex-presidente caminhou 5km no dia anterior ao que passou mal.<\/p>\n\n\n\n<p>Na tarde do dia 12 de mar\u00e7o,&nbsp;<em><strong>\u201c<\/strong><strong>Bolsonaro estava com bom estado de sa\u00fade, l\u00facido e orientado\u201d.<\/strong><\/em><br>Em seguida, conforme relatos do plant\u00e3o noturno, ele apresentou&nbsp;<em><strong>\u201cum pouco de crise de solu\u00e7o\u201d<\/strong><\/em>, mas n\u00e3o quis a medica\u00e7\u00e3o no momento.&nbsp;<em><strong>\u201cInformou que ia tomar ap\u00f3s o jogo\u201d<\/strong><\/em>, diz o documento.<\/p>\n\n\n\n<p><strong>Fl\u00e1vio se manifesta<\/strong><br>Na manh\u00e3 deste s\u00e1bado, o filho 01 do ex-presidente afirmou que seu pai \u201cescapou por pouco\u201d da morte.<\/p>\n\n\n\n<p><em><strong>\u201cOntem, no final do dia, eu conversei com o m\u00e9dico do meu pai, Dr. Leandro Echenique, e o Dr me falou: \u2018Fl\u00e1vio, mais uma vez, teu pai escapou por pouco. Se ele ficasse mais uma ou duas horas l\u00e1 no 19\u00ba Batalh\u00e3o [Papudinha] e n\u00e3o fosse levado ao hospital, ele tinha grandes chances de se complicar\u201d<\/strong><\/em>, comentou o senador.<\/p>\n\n\n\n<p>Fl\u00e1vio aproveitou para lembrar do epis\u00f3dio em que Bolsonaro caiu na cela quando ainda estava detido na Superintend\u00eancia da Pol\u00edcia Federal (PF), e acusou o ministro Alexandre de Moraes, do Supremo Tribunal Federal, de liberar a ida do ex-presidente ao hospital apenas 24 horas depois.<\/p>\n\n\n\n<p><em><strong>\u201cSe tivesse acontecido isso de novo agora [\u2026], se ele demorasse mais uma, duas horas, a chance era de que ele tivesse uma infec\u00e7\u00e3o generalizada e, em casos como esse, uma a cada duas pessoas sobrevivem\u201d<\/strong><\/em>, declarou o pr\u00e9-candidato \u00e0 Presid\u00eancia.<\/p>\n\n\n\n<p><em><strong>\u201cBoa melhora, mas inspira muito cuidado\u201d<\/strong><\/em>, diz Bia Kicis.<\/p>\n\n\n\n<p>A deputada federal eleita pelo Distrito Federal, Bia Kicis (PL), esteve na porta do DF Star, onde Bolsonaro est\u00e1 internado. L\u00e1, gravou um v\u00eddeo em que&nbsp;<em><strong>afirma que o ex-presidente est\u00e1 \u201cmuito melhor\u201d comparado a quando chegou ao hospital, mas seu quadro ainda \u201cinspira muito cuidado\u201d.<\/strong><\/em><\/p>\n\n\n\n<p><em><strong>\u201cO presidente estava muito mal, sem conseguir respirar, mas gra\u00e7as a Deus e \u00e0 interven\u00e7\u00e3o m\u00e9dica competente, ele est\u00e1 muito melhor. Ent\u00e3o a fam\u00edlia se entusiasma, a gente se entusiasma. Mas o quadro real \u00e9 de muita aten\u00e7\u00e3o, porque agora o organismo dele tem que reagir \u00e0 infec\u00e7\u00e3o, infec\u00e7\u00e3o era muito forte ontem\u201d<\/strong><\/em>, declarou.<\/p>\n\n\n\n<p>Hoje seria o dia da visita da deputada ao ex-presidente, na Papudinha.<\/p>\n","protected":false},"excerpt":{"rendered":"<p>Boletim m\u00e9dico divulgado neste s\u00e1bado (14\/3) afirma que o ex-presidente Jair Bolsonaro (PL) encontra-se \u201cest\u00e1vel clinicamente\u201d, mas apresentou \u201cpiora na fun\u00e7\u00e3o renal e eleva\u00e7\u00e3o dos marcadores inflamat\u00f3rios\u201d. O documento, assinado pela equipe m\u00e9dica do ex-chefe do Executivo, diz que ele mant\u00e9m o&nbsp;\u201ctratamento com antibi\u00f3ticos e hidrata\u00e7\u00e3o por via endovenosa, fisioterapia respirat\u00f3ria e motora, al\u00e9m das [&hellip;]<\/p>\n","protected":false},"author":2,"featured_media":21008,"comment_status":"closed","ping_status":"closed","sticky":false,"template":"","format":"standard","meta":{"_monsterinsights_skip_tracking":false,"_monsterinsights_sitenote_active":false,"_monsterinsights_sitenote_note":"","_monsterinsights_sitenote_category":0,"footnotes":""},"categories":[1],"tags":[],"_links":{"self":[{"href":"https:\/\/nazarenonews.com.br\/index.php\/wp-json\/wp\/v2\/posts\/21007"}],"collection":[{"href":"https:\/\/nazarenonews.com.br\/index.php\/wp-json\/wp\/v2\/posts"}],"about":[{"href":"https:\/\/nazarenonews.com.br\/index.php\/wp-json\/wp\/v2\/types\/post"}],"author":[{"embeddable":true,"href":"https:\/\/nazarenonews.com.br\/index.php\/wp-json\/wp\/v2\/users\/2"}],"replies":[{"embeddable":true,"href":"https:\/\/nazarenonews.com.br\/index.php\/wp-json\/wp\/v2\/comments?post=21007"}],"version-history":[{"count":1,"href":"https:\/\/nazarenonews.com.br\/index.php\/wp-json\/wp\/v2\/posts\/21007\/revisions"}],"predecessor-version":[{"id":21009,"href":"https:\/\/nazarenonews.com.br\/index.php\/wp-json\/wp\/v2\/posts\/21007\/revisions\/21009"}],"wp:featuredmedia":[{"embeddable":true,"href":"https:\/\/nazarenonews.com.br\/index.php\/wp-json\/wp\/v2\/media\/21008"}],"wp:attachment":[{"href":"https:\/\/nazarenonews.com.br\/index.php\/wp-json\/wp\/v2\/media?parent=21007"}],"wp:term":[{"taxonomy":"category","embeddable":true,"href":"https:\/\/nazarenonews.com.br\/index.php\/wp-json\/wp\/v2\/categories?post=21007"},{"taxonomy":"post_tag","embeddable":true,"href":"https:\/\/nazarenonews.com.br\/index.php\/wp-json\/wp\/v2\/tags?post=21007"}],"curies":[{"name":"wp","href":"https:\/\/api.w.org\/{rel}","templated":true}]}}