{"id":21001,"date":"2026-03-14T16:27:02","date_gmt":"2026-03-14T20:27:02","guid":{"rendered":"https:\/\/nazarenonews.com.br\/?p=21001"},"modified":"2026-03-14T16:27:02","modified_gmt":"2026-03-14T20:27:02","slug":"buzetti-nao-sou-pessoa-que-gesta-sou-mulher-gestei-porque-tinha-utero-ela-nao-tem-e-nunca-vai-ter","status":"publish","type":"post","link":"https:\/\/nazarenonews.com.br\/index.php\/2026\/03\/14\/buzetti-nao-sou-pessoa-que-gesta-sou-mulher-gestei-porque-tinha-utero-ela-nao-tem-e-nunca-vai-ter\/","title":{"rendered":"Buzetti: N\u00e3o sou pessoa que gesta; sou mulher, gestei porque tinha \u00fatero, ela n\u00e3o tem e nunca vai ter"},"content":{"rendered":"\n<p>A senadora Margareth Buzetti (PP) criticou a elei\u00e7\u00e3o da deputada federal Erika Hilton (PSol-SP) para a presid\u00eancia da Comiss\u00e3o de Defesa dos Direitos da Mulher da C\u00e2mara dos Deputados. Em v\u00eddeo publicado nas redes sociais, Buzetti afirmou que mulheres trans n\u00e3o podem representar as experi\u00eancias biol\u00f3gicas femininas, como gesta\u00e7\u00e3o e maternidade, e que n\u00e3o concorda com a escolha. Ela tamb\u00e9m disse que mulheres trans n\u00e3o podem tirar os direitos das mulheres.<\/p>\n\n\n\n<p>\u201cEu n\u00e3o quero ser uma pessoa que gesta. Eu sou mulher, eu gestei porque eu tinha \u00fatero. Ela n\u00e3o tem e nunca vai ter. Esse \u00e9 o direito meu, \u00e9 o direito de todas n\u00f3s, e ela n\u00e3o pode tirar esse direito\u201d, disse a senadora.<\/p>\n\n\n\n<p>Na publica\u00e7\u00e3o, Buzetti afirmou que respeita os direitos das pessoas trans, mas defendeu que a comiss\u00e3o deve ser presidida por uma mulher biol\u00f3gica.<\/p>\n\n\n\n<p>\u201cGente, eu n\u00e3o posso me calar sobre a pol\u00eamica elei\u00e7\u00e3o da deputada Erika Hilton como presidente da Comiss\u00e3o da Mulher na C\u00e2mara dos Deputados. Respeito muito que mulheres trans tenham os seus direitos garantidos, mas n\u00e3o aceito que mexam nos nossos\u201d, ressaltou.<\/p>\n\n\n\n<p>A senadora tamb\u00e9m defendeu que o Congresso poderia ter uma comiss\u00e3o voltada especificamente \u00e0 diversidade.<\/p>\n\n\n\n<p>\u201cQue tenha a Comiss\u00e3o da Diversidade, respeito a deputada, mas ela tem que respeitar o nosso direito\u201d, afirmou.<\/p>\n\n\n\n<p>Ainda no v\u00eddeo, a parlamentar destacou a exist\u00eancia de diferen\u00e7as biol\u00f3gicas entre mulheres e mulheres trans. Buzetti ressaltou que, aos 40 anos, Erika Hilton ter\u00e1 que ir ao proctologista ao inv\u00e9s de ginecologista e que a deputada trans tem muito mais for\u00e7a para se defender do que uma mulher.&nbsp;<\/p>\n\n\n\n<p>\u201cN\u00e3o adianta querer dizer que \u00e9 igual, porque n\u00e3o \u00e9\u201d, disse.<\/p>\n\n\n\n<p>Erika Hilton foi eleita na quarta-feira (11) para presidir a Comiss\u00e3o da Mulher. Ela recebeu 11 votos, enquanto dez parlamentares votaram em branco.<\/p>\n\n\n\n<p>Hilton se tornou a primeira mulher trans a comandar o colegiado. No discurso de posse, afirmou que pretende conduzir a comiss\u00e3o com di\u00e1logo e foco na defesa dos direitos das mulheres.<\/p>\n\n\n\n<p>\u201cEsta presid\u00eancia n\u00e3o \u00e9 apenas um nome, \u00e9 o s\u00edmbolo de uma democracia que se expande. Minha gest\u00e3o tratar\u00e1 de todas as mulheres: das m\u00e3es solo, das mulheres trabalhadoras, das mulheres negras, ind\u00edgenas e das que lutam por sobreviv\u00eancia e dignidade em todos os cantos deste pa\u00eds\u201d, afirmou durante o discurso.<\/p>\n\n\n\n<p>Rep\u00f3rter MT<\/p>\n","protected":false},"excerpt":{"rendered":"<p>A senadora Margareth Buzetti (PP) criticou a elei\u00e7\u00e3o da deputada federal Erika Hilton (PSol-SP) para a presid\u00eancia da Comiss\u00e3o de Defesa dos Direitos da Mulher da C\u00e2mara dos Deputados. Em v\u00eddeo publicado nas redes sociais, Buzetti afirmou que mulheres trans n\u00e3o podem representar as experi\u00eancias biol\u00f3gicas femininas, como gesta\u00e7\u00e3o e maternidade, e que n\u00e3o concorda [&hellip;]<\/p>\n","protected":false},"author":2,"featured_media":21002,"comment_status":"closed","ping_status":"closed","sticky":false,"template":"","format":"standard","meta":{"_monsterinsights_skip_tracking":false,"_monsterinsights_sitenote_active":false,"_monsterinsights_sitenote_note":"","_monsterinsights_sitenote_category":0,"footnotes":""},"categories":[1],"tags":[],"_links":{"self":[{"href":"https:\/\/nazarenonews.com.br\/index.php\/wp-json\/wp\/v2\/posts\/21001"}],"collection":[{"href":"https:\/\/nazarenonews.com.br\/index.php\/wp-json\/wp\/v2\/posts"}],"about":[{"href":"https:\/\/nazarenonews.com.br\/index.php\/wp-json\/wp\/v2\/types\/post"}],"author":[{"embeddable":true,"href":"https:\/\/nazarenonews.com.br\/index.php\/wp-json\/wp\/v2\/users\/2"}],"replies":[{"embeddable":true,"href":"https:\/\/nazarenonews.com.br\/index.php\/wp-json\/wp\/v2\/comments?post=21001"}],"version-history":[{"count":1,"href":"https:\/\/nazarenonews.com.br\/index.php\/wp-json\/wp\/v2\/posts\/21001\/revisions"}],"predecessor-version":[{"id":21003,"href":"https:\/\/nazarenonews.com.br\/index.php\/wp-json\/wp\/v2\/posts\/21001\/revisions\/21003"}],"wp:featuredmedia":[{"embeddable":true,"href":"https:\/\/nazarenonews.com.br\/index.php\/wp-json\/wp\/v2\/media\/21002"}],"wp:attachment":[{"href":"https:\/\/nazarenonews.com.br\/index.php\/wp-json\/wp\/v2\/media?parent=21001"}],"wp:term":[{"taxonomy":"category","embeddable":true,"href":"https:\/\/nazarenonews.com.br\/index.php\/wp-json\/wp\/v2\/categories?post=21001"},{"taxonomy":"post_tag","embeddable":true,"href":"https:\/\/nazarenonews.com.br\/index.php\/wp-json\/wp\/v2\/tags?post=21001"}],"curies":[{"name":"wp","href":"https:\/\/api.w.org\/{rel}","templated":true}]}}