{"id":20992,"date":"2026-03-13T15:11:31","date_gmt":"2026-03-13T19:11:31","guid":{"rendered":"https:\/\/nazarenonews.com.br\/?p=20992"},"modified":"2026-03-13T15:11:32","modified_gmt":"2026-03-13T19:11:32","slug":"abilio-anuncia-aplicativo-para-que-cuiabanos-possam-denunciar-buracos-nas-ruas-e-fazer-reclamacoes","status":"publish","type":"post","link":"https:\/\/nazarenonews.com.br\/index.php\/2026\/03\/13\/abilio-anuncia-aplicativo-para-que-cuiabanos-possam-denunciar-buracos-nas-ruas-e-fazer-reclamacoes\/","title":{"rendered":"Abilio anuncia aplicativo para que cuiabanos possam denunciar buracos nas ruas e fazer reclama\u00e7\u00f5es"},"content":{"rendered":"\n<p>O prefeito de Cuiab\u00e1, Abilio Brunini anunciou que vai lan\u00e7ar um aplicativo para que os cidad\u00e3os possam registrar ocorr\u00eancias e reclama\u00e7\u00f5es com buracos nas ruas e avenidas da Capital.<\/p>\n\n\n\n<p>Outra medida anunciada \u00e9 que as publica\u00e7\u00f5es marcando a Prefeitura de Cuiab\u00e1 poder\u00e3o ser compartilhadas nos perfis institucionais, mesmo que sejam de cr\u00edticas.<\/p>\n\n\n\n<p>O aplicativo Cuiab\u00e1 Smart deve ser lan\u00e7ado em abril, durante as comemora\u00e7\u00f5es do anivers\u00e1rio da Capital. A plataforma est\u00e1 sendo criada pela Equipe da TI da prefeitura. de acordo com o prefeito um site j\u00e1 est\u00e1 em funcionamento com o mapeamento dos buracos na cidade e o que j\u00e1 foi tampado, mostrando o antes e depois.<\/p>\n\n\n\n<p><em><strong>\u201cO nosso objetivo \u00e9 que, atrav\u00e9s desse mapa e dessas solu\u00e7\u00f5es, a popula\u00e7\u00e3o tenha acesso \u00e0 informa\u00e7\u00e3o mais r\u00e1pido e possa gerar uma ordem de servi\u00e7o diretamente pelo aplicativo\u201d,<\/strong><\/em>&nbsp;explicou.<\/p>\n\n\n\n<p>Segundo Abilio, o aplicativo vai permitir consultar mapas com a localiza\u00e7\u00e3o de unidades de sa\u00fade, escolas e outros servi\u00e7os p\u00fablicos, al\u00e9m de verificar o hist\u00f3rico de interven\u00e7\u00f5es em determinados pontos da cidade.<\/p>\n\n\n\n<p>Rep\u00f3rter MT<\/p>\n","protected":false},"excerpt":{"rendered":"<p>O prefeito de Cuiab\u00e1, Abilio Brunini anunciou que vai lan\u00e7ar um aplicativo para que os cidad\u00e3os possam registrar ocorr\u00eancias e reclama\u00e7\u00f5es com buracos nas ruas e avenidas da Capital. Outra medida anunciada \u00e9 que as publica\u00e7\u00f5es marcando a Prefeitura de Cuiab\u00e1 poder\u00e3o ser compartilhadas nos perfis institucionais, mesmo que sejam de cr\u00edticas. O aplicativo Cuiab\u00e1 [&hellip;]<\/p>\n","protected":false},"author":2,"featured_media":20993,"comment_status":"closed","ping_status":"closed","sticky":false,"template":"","format":"standard","meta":{"_monsterinsights_skip_tracking":false,"_monsterinsights_sitenote_active":false,"_monsterinsights_sitenote_note":"","_monsterinsights_sitenote_category":0,"footnotes":""},"categories":[36,1,48],"tags":[],"_links":{"self":[{"href":"https:\/\/nazarenonews.com.br\/index.php\/wp-json\/wp\/v2\/posts\/20992"}],"collection":[{"href":"https:\/\/nazarenonews.com.br\/index.php\/wp-json\/wp\/v2\/posts"}],"about":[{"href":"https:\/\/nazarenonews.com.br\/index.php\/wp-json\/wp\/v2\/types\/post"}],"author":[{"embeddable":true,"href":"https:\/\/nazarenonews.com.br\/index.php\/wp-json\/wp\/v2\/users\/2"}],"replies":[{"embeddable":true,"href":"https:\/\/nazarenonews.com.br\/index.php\/wp-json\/wp\/v2\/comments?post=20992"}],"version-history":[{"count":1,"href":"https:\/\/nazarenonews.com.br\/index.php\/wp-json\/wp\/v2\/posts\/20992\/revisions"}],"predecessor-version":[{"id":20994,"href":"https:\/\/nazarenonews.com.br\/index.php\/wp-json\/wp\/v2\/posts\/20992\/revisions\/20994"}],"wp:featuredmedia":[{"embeddable":true,"href":"https:\/\/nazarenonews.com.br\/index.php\/wp-json\/wp\/v2\/media\/20993"}],"wp:attachment":[{"href":"https:\/\/nazarenonews.com.br\/index.php\/wp-json\/wp\/v2\/media?parent=20992"}],"wp:term":[{"taxonomy":"category","embeddable":true,"href":"https:\/\/nazarenonews.com.br\/index.php\/wp-json\/wp\/v2\/categories?post=20992"},{"taxonomy":"post_tag","embeddable":true,"href":"https:\/\/nazarenonews.com.br\/index.php\/wp-json\/wp\/v2\/tags?post=20992"}],"curies":[{"name":"wp","href":"https:\/\/api.w.org\/{rel}","templated":true}]}}