{"id":20989,"date":"2026-03-13T15:08:51","date_gmt":"2026-03-13T19:08:51","guid":{"rendered":"https:\/\/nazarenonews.com.br\/?p=20989"},"modified":"2026-03-13T15:08:52","modified_gmt":"2026-03-13T19:08:52","slug":"lula-anuncia-revogacao-do-visto-de-assessor-de-trump","status":"publish","type":"post","link":"https:\/\/nazarenonews.com.br\/index.php\/2026\/03\/13\/lula-anuncia-revogacao-do-visto-de-assessor-de-trump\/","title":{"rendered":"Lula anuncia revoga\u00e7\u00e3o do visto de assessor de Trump"},"content":{"rendered":"\n<p>O presidente\u00a0<a href=\"https:\/\/www.metropoles.com\/tag\/lula\">Luiz In\u00e1cio Lula da Silva<\/a>\u00a0(PT) afirmou, nesta sexta-feira (13\/3), que o assessor s\u00eanior do Departamento de Estado do governo de Donald Trump,\u00a0<strong>Darren Beattie<\/strong>, est\u00e1 proibido de entrar no Brasil. O\u00a0<strong>Metr\u00f3poles<\/strong>\u00a0confirmou que o visto do norte-americano foi revogado pelo Itamaraty.<\/p>\n\n\n\n<p>Beattie deveria chegar ao Brasil na pr\u00f3xima semana. Um dos compromissos previstos era uma visita ao ex-presidente Jair Bolsonaro, que est\u00e1 preso na Papudinha. No entanto, o ministro Alexandre de Moraes, do Supremo Tribunal Federal (STF), rejeitou a autoriza\u00e7\u00e3o para o encontro.<\/p>\n\n\n\n<p>Segundo Lula, o funcion\u00e1rio de Trump para assuntos relacionados ao Brasil s\u00f3 entrar\u00e1 no pa\u00eds quando os EUA revogarem a san\u00e7\u00e3o ao visto do ministro da Sa\u00fade,\u00a0<a href=\"https:\/\/www.metropoles.com\/tag\/alexandre-padilha\">Alexandre Padilha<\/a>, bem como da esposa e da filha dele.<\/p>\n\n\n\n<p>\u201cAquele cara americano que disse que viria para c\u00e1 para visitar o Jair Bolsonaro, ele foi proibido de visitar e eu o proibi de vir ao Brasil enquanto n\u00e3o liberar os vistos do meu ministro da Sa\u00fade, que est\u00e3o bloqueados\u201d, disse Lula.<\/p>\n\n\n\n<p>\u201cBloquearam o visto do Padilha, o visto da mulher dele e o visto da filha dele de 10 anos, sabe? Ent\u00e3o, Padilha, esteja certo de que voc\u00ea est\u00e1 sendo protegido\u201d, completou o titular do Planalto.<\/p>\n\n\n\n<p>A declara\u00e7\u00e3o foi dada durante a inaugura\u00e7\u00e3o do Setor de Trauma do novo Hospital Federal do Andara\u00ed (HFA), na regi\u00e3o da Grande Tijuca, no Rio de Janeiro. Al\u00e9m de Padilha, o prefeito do Rio de Janeiro, Eduardo Paes, a primeira-dama Janja Lula da Silva e outros ministros participaram da agenda.<\/p>\n\n\n\n<p>Ao\u00a0<strong>Metr\u00f3poles<\/strong>,\u00a0o Pal\u00e1cio do Itamaraty citou outros motivos para revoga\u00e7\u00e3o do visto de Darren Beattie. Segundo o Minist\u00e9rio das Rela\u00e7\u00f5es Exteriores (MRE),\u00a0o norte-americano omitiu informa\u00e7\u00f5es ao solicitar entrada no Brasil.<\/p>\n\n\n\n<p>\u201cO Itamaraty confirma a revoga\u00e7\u00e3o do visto, tendo em conta a omiss\u00e3o e o falseamento de informa\u00e7\u00f5es relevantes quanto ao motivo da visita por ocasi\u00e3o da solicita\u00e7\u00e3o do visto, em Washington. Trata-se de princ\u00edpio legal suficiente para a denega\u00e7\u00e3o de visto, de acordo com a legisla\u00e7\u00e3o nacional e internacional\u201d, diz o Itamaraty.<\/p>\n\n\n\n<p>Metr\u00f3poles <\/p>\n","protected":false},"excerpt":{"rendered":"<p>O presidente\u00a0Luiz In\u00e1cio Lula da Silva\u00a0(PT) afirmou, nesta sexta-feira (13\/3), que o assessor s\u00eanior do Departamento de Estado do governo de Donald Trump,\u00a0Darren Beattie, est\u00e1 proibido de entrar no Brasil. O\u00a0Metr\u00f3poles\u00a0confirmou que o visto do norte-americano foi revogado pelo Itamaraty. Beattie deveria chegar ao Brasil na pr\u00f3xima semana. Um dos compromissos previstos era uma visita [&hellip;]<\/p>\n","protected":false},"author":2,"featured_media":20990,"comment_status":"closed","ping_status":"closed","sticky":false,"template":"","format":"standard","meta":{"_monsterinsights_skip_tracking":false,"_monsterinsights_sitenote_active":false,"_monsterinsights_sitenote_note":"","_monsterinsights_sitenote_category":0,"footnotes":""},"categories":[38,49,37,1,48],"tags":[],"_links":{"self":[{"href":"https:\/\/nazarenonews.com.br\/index.php\/wp-json\/wp\/v2\/posts\/20989"}],"collection":[{"href":"https:\/\/nazarenonews.com.br\/index.php\/wp-json\/wp\/v2\/posts"}],"about":[{"href":"https:\/\/nazarenonews.com.br\/index.php\/wp-json\/wp\/v2\/types\/post"}],"author":[{"embeddable":true,"href":"https:\/\/nazarenonews.com.br\/index.php\/wp-json\/wp\/v2\/users\/2"}],"replies":[{"embeddable":true,"href":"https:\/\/nazarenonews.com.br\/index.php\/wp-json\/wp\/v2\/comments?post=20989"}],"version-history":[{"count":1,"href":"https:\/\/nazarenonews.com.br\/index.php\/wp-json\/wp\/v2\/posts\/20989\/revisions"}],"predecessor-version":[{"id":20991,"href":"https:\/\/nazarenonews.com.br\/index.php\/wp-json\/wp\/v2\/posts\/20989\/revisions\/20991"}],"wp:featuredmedia":[{"embeddable":true,"href":"https:\/\/nazarenonews.com.br\/index.php\/wp-json\/wp\/v2\/media\/20990"}],"wp:attachment":[{"href":"https:\/\/nazarenonews.com.br\/index.php\/wp-json\/wp\/v2\/media?parent=20989"}],"wp:term":[{"taxonomy":"category","embeddable":true,"href":"https:\/\/nazarenonews.com.br\/index.php\/wp-json\/wp\/v2\/categories?post=20989"},{"taxonomy":"post_tag","embeddable":true,"href":"https:\/\/nazarenonews.com.br\/index.php\/wp-json\/wp\/v2\/tags?post=20989"}],"curies":[{"name":"wp","href":"https:\/\/api.w.org\/{rel}","templated":true}]}}