{"id":20983,"date":"2026-03-13T06:59:26","date_gmt":"2026-03-13T10:59:26","guid":{"rendered":"https:\/\/nazarenonews.com.br\/?p=20983"},"modified":"2026-03-13T06:59:27","modified_gmt":"2026-03-13T10:59:27","slug":"previsao-do-tempo-chuvas-atingem-areas-do-centro-oeste-nesta-sexta-feira-13","status":"publish","type":"post","link":"https:\/\/nazarenonews.com.br\/index.php\/2026\/03\/13\/previsao-do-tempo-chuvas-atingem-areas-do-centro-oeste-nesta-sexta-feira-13\/","title":{"rendered":"PREVIS\u00c3O DO TEMPO: Chuvas atingem \u00e1reas do Centro-Oeste nesta sexta-feira (13)"},"content":{"rendered":"\n<p>Em Mato Grosso, a expectativa \u00e9 de fortes chuvas em \u00e1reas do sul e sudeste do estado, em munic\u00edpios como Primavera do Leste e Rondon\u00f3polis, al\u00e9m de Nova Maril\u00e2ndia, na regi\u00e3o m\u00e9dio-norte<\/p>\n\n\n\n<p>Data de publica\u00e7\u00e3o: 12 de Mar\u00e7o de 2026, 18:30h<\/p>\n\n\n\n<p>A<strong>&nbsp;previs\u00e3o do tempo<\/strong>&nbsp;para esta&nbsp;<strong>sexta-feira (13)<\/strong>&nbsp;indica&nbsp;<strong>instabilidade&nbsp;<\/strong>em estados da Regi\u00e3o Centro-Oeste.<\/p>\n\n\n\n<p>Em&nbsp;<strong>Mato Grosso<\/strong>, a expectativa \u00e9 de<strong>&nbsp;fortes chuvas<\/strong>&nbsp;em \u00e1reas do sul e sudeste do estado, em munic\u00edpios como Primavera do Leste e Rondon\u00f3polis, al\u00e9m de Nova Maril\u00e2ndia, na regi\u00e3o m\u00e9dio-norte.<\/p>\n\n\n\n<p>Em&nbsp;<strong>Mato Grosso do Sul<\/strong>, a previs\u00e3o \u00e9 de&nbsp;<strong>muitas nuvens com pancadas de chuva e trovoadas isoladas<\/strong>, abrangendo desde munic\u00edpios do Pantanal e norte do estado, como Corumb\u00e1 e Coxim, at\u00e9 cidades do sul sul-mato-grossense, como Navira\u00ed e Amambai.<\/p>\n\n\n\n<p>J\u00e1 em&nbsp;<strong>Goi\u00e1s&nbsp;<\/strong>e no&nbsp;<strong>Distrito Federal<\/strong>, a expectativa \u00e9 de&nbsp;<strong>muitas nuvens com pancadas de chuva e trovoadas<\/strong>&nbsp;ao longo do dia.<\/p>\n\n\n\n<p>Entre as capitais, a temperatura m\u00ednima prevista \u00e9 de 21\u00b0C, em Bras\u00edlia. J\u00e1 a m\u00e1xima deve chegar a 32\u00b0C, em Cuiab\u00e1. A umidade relativa do ar varia entre 45% e 100%.<\/p>\n\n\n\n<h2 class=\"wp-block-heading\">5 motivos para acompanhar as previs\u00f5es do tempo<\/h2>\n\n\n\n<ul>\n<li>Agricultura: garantia de uma boa colheita;<\/li>\n\n\n\n<li>Marinha: prote\u00e7\u00e3o de marinheiros, navios e passageiros;<\/li>\n\n\n\n<li>Aeron\u00e1utica: seguran\u00e7a de pilotos, aeronaves e passageiros;<\/li>\n\n\n\n<li>Pesca: condi\u00e7\u00f5es favor\u00e1veis e seguras para a atividade;<\/li>\n\n\n\n<li>Turismo: garantia de passeios e viagens tranquilas e agrad\u00e1veis.<\/li>\n<\/ul>\n\n\n\n<h2 class=\"wp-block-heading\">Import\u00e2ncia das observa\u00e7\u00f5es meteorol\u00f3gicas no INMET<\/h2>\n\n\n\n<p>As observa\u00e7\u00f5es meteorol\u00f3gicas do&nbsp;<a href=\"https:\/\/portal.inmet.gov.br\/\">INMET<\/a>&nbsp;s\u00e3o essenciais para previs\u00f5es em tempo real, estat\u00edsticas clim\u00e1ticas e coopera\u00e7\u00e3o internacional. Esses dados precisos ajudam a estudar o clima passado e a produzir Normais Climatol\u00f3gicas conforme a&nbsp;<strong>Organiza\u00e7\u00e3o Meteorol\u00f3gica Mundial&nbsp;<\/strong>(<a href=\"https:\/\/worldweather.wmo.int\/pt\/home.html\">OMM<\/a>).<\/p>\n\n\n\n<p>As informa\u00e7\u00f5es s\u00e3o do&nbsp;<strong>Instituto Nacional de Meteorologia<\/strong>&nbsp;(<a href=\"https:\/\/portal.inmet.gov.br\/\">Inmet<\/a>).<\/p>\n","protected":false},"excerpt":{"rendered":"<p>Em Mato Grosso, a expectativa \u00e9 de fortes chuvas em \u00e1reas do sul e sudeste do estado, em munic\u00edpios como Primavera do Leste e Rondon\u00f3polis, al\u00e9m de Nova Maril\u00e2ndia, na regi\u00e3o m\u00e9dio-norte Data de publica\u00e7\u00e3o: 12 de Mar\u00e7o de 2026, 18:30h A&nbsp;previs\u00e3o do tempo&nbsp;para esta&nbsp;sexta-feira (13)&nbsp;indica&nbsp;instabilidade&nbsp;em estados da Regi\u00e3o Centro-Oeste. Em&nbsp;Mato Grosso, a expectativa \u00e9 [&hellip;]<\/p>\n","protected":false},"author":2,"featured_media":20807,"comment_status":"closed","ping_status":"closed","sticky":false,"template":"","format":"standard","meta":{"_monsterinsights_skip_tracking":false,"_monsterinsights_sitenote_active":false,"_monsterinsights_sitenote_note":"","_monsterinsights_sitenote_category":0,"footnotes":""},"categories":[52],"tags":[],"_links":{"self":[{"href":"https:\/\/nazarenonews.com.br\/index.php\/wp-json\/wp\/v2\/posts\/20983"}],"collection":[{"href":"https:\/\/nazarenonews.com.br\/index.php\/wp-json\/wp\/v2\/posts"}],"about":[{"href":"https:\/\/nazarenonews.com.br\/index.php\/wp-json\/wp\/v2\/types\/post"}],"author":[{"embeddable":true,"href":"https:\/\/nazarenonews.com.br\/index.php\/wp-json\/wp\/v2\/users\/2"}],"replies":[{"embeddable":true,"href":"https:\/\/nazarenonews.com.br\/index.php\/wp-json\/wp\/v2\/comments?post=20983"}],"version-history":[{"count":1,"href":"https:\/\/nazarenonews.com.br\/index.php\/wp-json\/wp\/v2\/posts\/20983\/revisions"}],"predecessor-version":[{"id":20984,"href":"https:\/\/nazarenonews.com.br\/index.php\/wp-json\/wp\/v2\/posts\/20983\/revisions\/20984"}],"wp:featuredmedia":[{"embeddable":true,"href":"https:\/\/nazarenonews.com.br\/index.php\/wp-json\/wp\/v2\/media\/20807"}],"wp:attachment":[{"href":"https:\/\/nazarenonews.com.br\/index.php\/wp-json\/wp\/v2\/media?parent=20983"}],"wp:term":[{"taxonomy":"category","embeddable":true,"href":"https:\/\/nazarenonews.com.br\/index.php\/wp-json\/wp\/v2\/categories?post=20983"},{"taxonomy":"post_tag","embeddable":true,"href":"https:\/\/nazarenonews.com.br\/index.php\/wp-json\/wp\/v2\/tags?post=20983"}],"curies":[{"name":"wp","href":"https:\/\/api.w.org\/{rel}","templated":true}]}}