{"id":20981,"date":"2026-03-13T06:58:31","date_gmt":"2026-03-13T10:58:31","guid":{"rendered":"https:\/\/nazarenonews.com.br\/?p=20981"},"modified":"2026-03-13T06:58:32","modified_gmt":"2026-03-13T10:58:32","slug":"boi-gordo-hoje-confira-as-cotacoes-para-esta-sexta-feira-13","status":"publish","type":"post","link":"https:\/\/nazarenonews.com.br\/index.php\/2026\/03\/13\/boi-gordo-hoje-confira-as-cotacoes-para-esta-sexta-feira-13\/","title":{"rendered":"Boi gordo hoje: confira as cota\u00e7\u00f5es para esta\u00a0sexta-feira (13)"},"content":{"rendered":"\n<p>O pre\u00e7o do su\u00edno vivo apresenta estabilidade no RS e SP; o frango resfriado e o congelado tamb\u00e9m apresentam estabilidade<\/p>\n\n\n\n<p>Data de publica\u00e7\u00e3o: 13 de Mar\u00e7o de 2026, 04:10h<\/p>\n\n\n\n<p>O pre\u00e7o do&nbsp;<strong>boi gordo<\/strong>&nbsp;abre esta&nbsp;<strong>sexta-feira (13)<\/strong>&nbsp;em&nbsp;<strong>alta<\/strong>&nbsp;de<strong>&nbsp;0,07%.&nbsp;<\/strong>A arroba \u00e9 negociada a<strong>&nbsp;R$ 347,50<\/strong>, no estado de S\u00e3o Paulo.<\/p>\n\n\n\n<p><strong>INDICADOR DO BOI GORDO CEPEA\/ESALQ<\/strong><\/p>\n\n\n\n<figure class=\"wp-block-table\"><table><thead><tr><th>DATA<\/th><th>VALOR R$*<\/th><th>VAR.\/DIA<\/th><th>VAR.\/M\u00caS<\/th><th>VALOR US$*<\/th><\/tr><\/thead><tbody><tr><td>12\/03\/2026<\/td><td>347,50<\/td><td>0,07%<\/td><td>-1,60%<\/td><td>66,35<\/td><\/tr><tr><td>11\/03\/2026<\/td><td>347,25<\/td><td>0,13%<\/td><td>-1,67%<\/td><td>67,24<\/td><\/tr><tr><td>10\/03\/2026<\/td><td>346,80<\/td><td>-0,17%<\/td><td>-1,80%<\/td><td>67,20<\/td><\/tr><tr><td>09\/03\/2026<\/td><td>347,40<\/td><td>0,39%<\/td><td>-1,63%<\/td><td>67,17<\/td><\/tr><tr><td>06\/03\/2026<\/td><td>346,05<\/td><td>-0,36%<\/td><td>-2,01%<\/td><td>65,91<\/td><\/tr><\/tbody><\/table><\/figure>\n\n\n\n<h2 class=\"wp-block-heading\">Pre\u00e7o do frango congelado e resfriado<\/h2>\n\n\n\n<p>Nos atacados da Grande S\u00e3o Paulo, S\u00e3o Jos\u00e9 do Rio Preto e Descalvado, os pre\u00e7os do&nbsp;<strong>frango congelado<\/strong>&nbsp;apresentaram&nbsp;<strong>estabilidade<\/strong>, assim como os&nbsp;do&nbsp;<strong>frango resfriado<\/strong>.&nbsp;A primeira mercadoria \u00e9 vendida a<strong>&nbsp;R$ 7,05<\/strong>, enquanto a segunda \u00e9 comercializada a&nbsp;<strong>R$ 7,09<\/strong>.<\/p>\n\n\n\n<p><strong>PRE\u00c7OS DO FRANGO CONGELADO CEPEA\/ESALQ &#8211; ESTADO SP&nbsp;<\/strong><\/p>\n\n\n\n<figure class=\"wp-block-table\"><table><thead><tr><th>DATA<\/th><th>VALOR R$<\/th><th>VAR.\/DIA<\/th><th>VAR.\/M\u00caS<\/th><\/tr><\/thead><tbody><tr><td>12\/03\/2026<\/td><td>7,05<\/td><td>0,00%<\/td><td>-2,89%<\/td><\/tr><tr><td>11\/03\/2026<\/td><td>7,05<\/td><td>0,00%<\/td><td>-2,89%<\/td><\/tr><tr><td>10\/03\/2026<\/td><td>7,05<\/td><td>0,00%<\/td><td>-2,89%<\/td><\/tr><tr><td>09\/03\/2026<\/td><td>7,05<\/td><td>-0,14%<\/td><td>-2,89%<\/td><\/tr><tr><td>06\/03\/2026<\/td><td>7,06<\/td><td>0,00%<\/td><td>-2,75%<\/td><\/tr><\/tbody><\/table><\/figure>\n\n\n\n<p><strong>PRE\u00c7OS DO FRANGO RESFRIADO CEPEA\/ESALQ &#8211; ESTADO SP<\/strong><\/p>\n\n\n\n<figure class=\"wp-block-table\"><table><thead><tr><th>DATA<\/th><th>VALOR R$<\/th><th>VAR.\/DIA<\/th><th>VAR.\/M\u00caS<\/th><\/tr><\/thead><tbody><tr><td>12\/03\/2026<\/td><td>7,09<\/td><td>0,00%<\/td><td>-3,01%<\/td><\/tr><tr><td>11\/03\/2026<\/td><td>7,09<\/td><td>0,00%<\/td><td>-3,01%<\/td><\/tr><tr><td>10\/03\/2026<\/td><td>7,09<\/td><td>0,00%<\/td><td>-3,01%<\/td><\/tr><tr><td>09\/03\/2026<\/td><td>7,09<\/td><td>-0,14%<\/td><td>-3,01%<\/td><\/tr><tr><td>06\/03\/2026<\/td><td>7,10<\/td><td>0,00%<\/td><td>-2,87%<\/td><\/tr><\/tbody><\/table><\/figure>\n\n\n\n<h2 class=\"wp-block-heading\">Pre\u00e7o da carca\u00e7a su\u00edna especial e do su\u00edno vivo<\/h2>\n\n\n\n<p>A&nbsp;<strong>carca\u00e7a su\u00edna especial&nbsp;<\/strong>tamb\u00e9m volta a apontar<strong>&nbsp;estabilidade<\/strong>&nbsp;no pre\u00e7o<strong>,<\/strong>&nbsp;sendo negociada a&nbsp;<strong>R$ 10,12&nbsp;<\/strong>por quilo, nos atacados da Grande S\u00e3o Paulo.<\/p>\n\n\n\n<p><strong>PRE\u00c7OS DA CARCA\u00c7A SU\u00cdNA ESPECIAL (R$\/kg)<\/strong><\/p>\n\n\n\n<figure class=\"wp-block-table\"><table><thead><tr><th>DATA<\/th><th>M\u00c9DIA<\/th><th>VAR.\/DIA<\/th><th>VAR.\/M\u00caS<\/th><\/tr><\/thead><tbody><tr><td>12\/03\/2026<\/td><td>10,12<\/td><td>0,00%<\/td><td>0,20%<\/td><\/tr><tr><td>11\/03\/2026<\/td><td>10,12<\/td><td>0,00%<\/td><td>0,20%<\/td><\/tr><tr><td>10\/03\/2026<\/td><td>10,12<\/td><td>0,40%<\/td><td>0,20%<\/td><\/tr><tr><td>09\/03\/2026<\/td><td>10,08<\/td><td>0,80%<\/td><td>-0,20%<\/td><\/tr><tr><td>06\/03\/2026<\/td><td>10,00<\/td><td>0,40%<\/td><td>-0,99%<\/td><\/tr><\/tbody><\/table><\/figure>\n\n\n\n<p>O pre\u00e7o do&nbsp;<strong>su\u00edno vivo<\/strong>&nbsp;registra&nbsp;<strong>estabilidade<\/strong>&nbsp;no&nbsp;<strong>Rio Grande do Sul<\/strong><strong>&nbsp;<\/strong>e&nbsp;em&nbsp;<strong>S\u00e3o<\/strong>&nbsp;<strong>Paulo&nbsp;<\/strong>e&nbsp;<strong>desvaloriza\u00e7\u00e3o de 0,15%<\/strong>&nbsp;em&nbsp;<strong>Minas Gerais<\/strong>, no&nbsp;<strong>Paran\u00e1&nbsp;<\/strong>e em&nbsp;<strong>Santa Catarina<\/strong>. As mercadorias variam entre&nbsp;<strong>R$ 6,63<\/strong>&nbsp;e&nbsp;<strong>R$ 6,96<\/strong>.<\/p>\n\n\n\n<p><strong>INDICADOR DO SU\u00cdNO VIVO CEPEA\/ESALQ (R$\/kg)&nbsp;<\/strong><\/p>\n\n\n\n<figure class=\"wp-block-table\"><table><thead><tr><th>DATA<\/th><th>ESTADO<\/th><th>VALOR R$*<\/th><th>VAR.\/DIA<\/th><th>VAR.\/M\u00caS<\/th><\/tr><\/thead><tbody><tr><td>12\/03\/2026<\/td><td>MG &#8211; posto<\/td><td>6,75<\/td><td>-0,15%<\/td><td>-0,15%<\/td><\/tr><tr><td>12\/03\/2026<\/td><td>PR &#8211; a retirar<\/td><td>6,68<\/td><td>-0,15%<\/td><td>1,37%<\/td><\/tr><tr><td>12\/03\/2026<\/td><td>RS &#8211; a retirar<\/td><td>6,80<\/td><td>0,00%<\/td><td>1,04%<\/td><\/tr><tr><td>12\/03\/2026<\/td><td>SC &#8211; a retirar<\/td><td>6,63<\/td><td>-0,15%<\/td><td>1,84%<\/td><\/tr><tr><td>12\/03\/2026<\/td><td>SP &#8211; posto<\/td><td>6,96<\/td><td>0,00%<\/td><td>0,87%<\/td><\/tr><\/tbody><\/table><\/figure>\n\n\n\n<p>Os valores s\u00e3o do&nbsp;<a href=\"http:\/\/www.cepea.org.br\/\" target=\"_blank\" rel=\"noreferrer noopener\"><strong>Cepea<\/strong><\/a>.<\/p>\n\n\n\n<h2 class=\"wp-block-heading\">O que \u00e9 o boi gordo? Entenda o termo do mercado bovino<\/h2>\n\n\n\n<p>O&nbsp;<strong>boi gordo \u00e9 o bovino macho pronto para o abate, com peso m\u00ednimo de 16 arrobas l\u00edquidas de carca\u00e7a (aproximadamente 240 kg) e at\u00e9 42 meses de idade<\/strong>. Atende aos padr\u00f5es do mercado nacional e internacional, incluindo exporta\u00e7\u00f5es para Europa, China e cota Hilton.<\/p>\n\n\n\n<h2 class=\"wp-block-heading\">Diferen\u00e7as entre frango congelado e frango resfriado<\/h2>\n\n\n\n<p>O<strong>&nbsp;frango congelado passa por congelamento r\u00e1pido, com temperaturas abaixo de -12\u00b0C<\/strong>, garantindo maior vida \u00fatil para armazenamento e transporte a longas dist\u00e2ncias. J\u00e1 o<strong>&nbsp;frango resfriado \u00e9 mantido entre 0\u00b0C e 4\u00b0C, com validade de 5 a 7 dias<\/strong>, oferecendo textura e sabor mais pr\u00f3ximos do fresco, ideal para consumidores exigentes e restaurantes.<\/p>\n","protected":false},"excerpt":{"rendered":"<p>O pre\u00e7o do su\u00edno vivo apresenta estabilidade no RS e SP; o frango resfriado e o congelado tamb\u00e9m apresentam estabilidade Data de publica\u00e7\u00e3o: 13 de Mar\u00e7o de 2026, 04:10h O pre\u00e7o do&nbsp;boi gordo&nbsp;abre esta&nbsp;sexta-feira (13)&nbsp;em&nbsp;alta&nbsp;de&nbsp;0,07%.&nbsp;A arroba \u00e9 negociada a&nbsp;R$ 347,50, no estado de S\u00e3o Paulo. INDICADOR DO BOI GORDO CEPEA\/ESALQ DATA VALOR R$* VAR.\/DIA VAR.\/M\u00caS [&hellip;]<\/p>\n","protected":false},"author":2,"featured_media":20944,"comment_status":"closed","ping_status":"closed","sticky":false,"template":"","format":"standard","meta":{"_monsterinsights_skip_tracking":false,"_monsterinsights_sitenote_active":false,"_monsterinsights_sitenote_note":"","_monsterinsights_sitenote_category":0,"footnotes":""},"categories":[54],"tags":[],"_links":{"self":[{"href":"https:\/\/nazarenonews.com.br\/index.php\/wp-json\/wp\/v2\/posts\/20981"}],"collection":[{"href":"https:\/\/nazarenonews.com.br\/index.php\/wp-json\/wp\/v2\/posts"}],"about":[{"href":"https:\/\/nazarenonews.com.br\/index.php\/wp-json\/wp\/v2\/types\/post"}],"author":[{"embeddable":true,"href":"https:\/\/nazarenonews.com.br\/index.php\/wp-json\/wp\/v2\/users\/2"}],"replies":[{"embeddable":true,"href":"https:\/\/nazarenonews.com.br\/index.php\/wp-json\/wp\/v2\/comments?post=20981"}],"version-history":[{"count":1,"href":"https:\/\/nazarenonews.com.br\/index.php\/wp-json\/wp\/v2\/posts\/20981\/revisions"}],"predecessor-version":[{"id":20982,"href":"https:\/\/nazarenonews.com.br\/index.php\/wp-json\/wp\/v2\/posts\/20981\/revisions\/20982"}],"wp:featuredmedia":[{"embeddable":true,"href":"https:\/\/nazarenonews.com.br\/index.php\/wp-json\/wp\/v2\/media\/20944"}],"wp:attachment":[{"href":"https:\/\/nazarenonews.com.br\/index.php\/wp-json\/wp\/v2\/media?parent=20981"}],"wp:term":[{"taxonomy":"category","embeddable":true,"href":"https:\/\/nazarenonews.com.br\/index.php\/wp-json\/wp\/v2\/categories?post=20981"},{"taxonomy":"post_tag","embeddable":true,"href":"https:\/\/nazarenonews.com.br\/index.php\/wp-json\/wp\/v2\/tags?post=20981"}],"curies":[{"name":"wp","href":"https:\/\/api.w.org\/{rel}","templated":true}]}}