{"id":2098,"date":"2024-08-11T11:12:52","date_gmt":"2024-08-11T15:12:52","guid":{"rendered":"https:\/\/nazarenonews.com.br\/?p=2098"},"modified":"2024-08-11T11:12:52","modified_gmt":"2024-08-11T15:12:52","slug":"bebe-de-2-meses-morre-e-sete-pessoas-ficam-feridas-apos-carro-bater-de-frente-com-viatura-em-mt","status":"publish","type":"post","link":"https:\/\/nazarenonews.com.br\/index.php\/2024\/08\/11\/bebe-de-2-meses-morre-e-sete-pessoas-ficam-feridas-apos-carro-bater-de-frente-com-viatura-em-mt\/","title":{"rendered":"Beb\u00ea de 2 meses morre e sete pessoas ficam feridas ap\u00f3s carro bater de frente com viatura em MT"},"content":{"rendered":"\n<p>G1-MT<\/p>\n\n\n\n<p><strong>Um beb\u00ea de dois meses morreu e sete pessoas ficaram feridas<\/strong>&nbsp;ap\u00f3s um carro bater de frente com uma viatura policial, durante uma persegui\u00e7\u00e3o policial, nesse s\u00e1bado (10), em&nbsp;<a class=\"\" href=\"https:\/\/g1.globo.com\/mt\/mato-grosso\/cidade\/pocone\/\">Pocon\u00e9<\/a>, a 104 km de Cuiab\u00e1. A identidade do beb\u00ea n\u00e3o foi revelada.<\/p>\n\n\n\n<p>De acordo com a Pol\u00edcia Militar, o acidente ocorreu durante um patrulhamento nas proximidades do Bairro S\u00e3o Benedito, quando os policiais avistaram uma motocicleta preta com duas pessoas&nbsp;realizando manobras perigosas e em alta velocidade. Ao sinalizar para abordagem, os suspeitos desrespeitaram a ordem e fugiram.<\/p>\n\n\n\n<p>Os policiais informaram que, durante a fuga, o garupa da motocicleta frequentemente olhava para tr\u00e1s e colocava a m\u00e3o na altura da cintura, o que levou a equipe a informar via r\u00e1dio sobre as caracter\u00edsticas e o sentido dos suspeitos. Com isso, em um cruzamento, o carro, que tinha sete ocupantes, atravessou o cruzamento, desrespeitando a placa de parada obrigat\u00f3ria, e bateu contra a viatura policial. O impacto fez com que carro capotasse.<\/p>\n\n\n\n<p>Equipes do Servi\u00e7o de Atendimento M\u00f3vel de Urg\u00eancia (Samu) e do Corpo de Bombeiros foram acionadas para prestar socorro. Ao chegarem ao local, verificaram que um dos ocupantes do ve\u00edculo que capotou tinha um beb\u00ea morto, que estava no colo da m\u00e3e no momento do acidente.<\/p>\n\n\n\n<p>As outras v\u00edtimas foram encaminhadas \u00e0 Unidade de Pronto Atendimento (UPA) de Pocon\u00e9 com fraturas e escoria\u00e7\u00f5es. Um policial tamb\u00e9m sofreu les\u00f5es no bra\u00e7o direito durante a colis\u00e3o.<\/p>\n\n\n\n<p>O acidente deve ser apurado pela Pol\u00edcia Civil.<\/p>\n","protected":false},"excerpt":{"rendered":"<p>G1-MT Um beb\u00ea de dois meses morreu e sete pessoas ficaram feridas&nbsp;ap\u00f3s um carro bater de frente com uma viatura policial, durante uma persegui\u00e7\u00e3o policial, nesse s\u00e1bado (10), em&nbsp;Pocon\u00e9, a 104 km de Cuiab\u00e1. A identidade do beb\u00ea n\u00e3o foi revelada. De acordo com a Pol\u00edcia Militar, o acidente ocorreu durante um patrulhamento nas proximidades [&hellip;]<\/p>\n","protected":false},"author":2,"featured_media":2099,"comment_status":"closed","ping_status":"closed","sticky":false,"template":"","format":"standard","meta":{"_monsterinsights_skip_tracking":false,"_monsterinsights_sitenote_active":false,"_monsterinsights_sitenote_note":"","_monsterinsights_sitenote_category":0,"footnotes":""},"categories":[1],"tags":[],"_links":{"self":[{"href":"https:\/\/nazarenonews.com.br\/index.php\/wp-json\/wp\/v2\/posts\/2098"}],"collection":[{"href":"https:\/\/nazarenonews.com.br\/index.php\/wp-json\/wp\/v2\/posts"}],"about":[{"href":"https:\/\/nazarenonews.com.br\/index.php\/wp-json\/wp\/v2\/types\/post"}],"author":[{"embeddable":true,"href":"https:\/\/nazarenonews.com.br\/index.php\/wp-json\/wp\/v2\/users\/2"}],"replies":[{"embeddable":true,"href":"https:\/\/nazarenonews.com.br\/index.php\/wp-json\/wp\/v2\/comments?post=2098"}],"version-history":[{"count":1,"href":"https:\/\/nazarenonews.com.br\/index.php\/wp-json\/wp\/v2\/posts\/2098\/revisions"}],"predecessor-version":[{"id":2100,"href":"https:\/\/nazarenonews.com.br\/index.php\/wp-json\/wp\/v2\/posts\/2098\/revisions\/2100"}],"wp:featuredmedia":[{"embeddable":true,"href":"https:\/\/nazarenonews.com.br\/index.php\/wp-json\/wp\/v2\/media\/2099"}],"wp:attachment":[{"href":"https:\/\/nazarenonews.com.br\/index.php\/wp-json\/wp\/v2\/media?parent=2098"}],"wp:term":[{"taxonomy":"category","embeddable":true,"href":"https:\/\/nazarenonews.com.br\/index.php\/wp-json\/wp\/v2\/categories?post=2098"},{"taxonomy":"post_tag","embeddable":true,"href":"https:\/\/nazarenonews.com.br\/index.php\/wp-json\/wp\/v2\/tags?post=2098"}],"curies":[{"name":"wp","href":"https:\/\/api.w.org\/{rel}","templated":true}]}}