{"id":20976,"date":"2026-03-13T06:56:46","date_gmt":"2026-03-13T10:56:46","guid":{"rendered":"https:\/\/nazarenonews.com.br\/?p=20976"},"modified":"2026-03-13T06:56:46","modified_gmt":"2026-03-13T10:56:46","slug":"apos-audiencia-de-custodia-justica-mantem-preso-acusado-de-estuprar-e-matar-a-propria-irma-em-cuiaba","status":"publish","type":"post","link":"https:\/\/nazarenonews.com.br\/index.php\/2026\/03\/13\/apos-audiencia-de-custodia-justica-mantem-preso-acusado-de-estuprar-e-matar-a-propria-irma-em-cuiaba\/","title":{"rendered":"Ap\u00f3s audi\u00eancia de cust\u00f3dia, Justi\u00e7a mant\u00e9m preso acusado de estuprar e matar a pr\u00f3pria irm\u00e3 em Cuiab\u00e1"},"content":{"rendered":"\n<p>O juiz Jo\u00e3o Bosco Soares da Silva, da 14\u00aa Vara Criminal de Cuiab\u00e1, manteve a pris\u00e3o de Marcos Pereira Soares durante audi\u00eancia de cust\u00f3dia realizada hoje (12). O magistrado expediu o mandado de pris\u00e3o tempor\u00e1ria contra o criminoso, acusado de estuprar, torturar e assassinar a irm\u00e3 de 17 anos, no bairro Tr\u00eas Barras.<\/p>\n\n\n\n<p>A decis\u00e3o atende ao clamor da Delegacia de Homic\u00eddios e Prote\u00e7\u00e3o \u00e0 Pessoa (DHPP). Para os delegados Caio Albuquerque e J\u00e9ssica Assis, Marcos apresenta o perfil de um &#8220;criminoso sexual em s\u00e9rie&#8221; e \u00e9 considerado &#8220;impar\u00e1vel&#8221;. Segundo a investiga\u00e7\u00e3o, o bandido atacou a irm\u00e3 com viol\u00eancia carnal e, logo ap\u00f3s o estupro, a matou e ocultou o corpo em um c\u00f3rrego nos fundos de sua resid\u00eancia.<\/p>\n\n\n\n<p>\u201c<em><strong>O contexto todo \u00e9 muito denotativo de uma pessoa que n\u00e3o tem condi\u00e7\u00e3o nenhuma de viver em sociedade e que \u00e9 um perigo para mulheres e crian\u00e7as<\/strong><\/em>\u201d, afirmou a delegada J\u00e9ssica.<\/p>\n\n\n\n<p>O hist\u00f3rico de Marcos refor\u00e7a a tese policial: ele j\u00e1 foi condenado a 19 anos por matar um vizinho idoso e enterr\u00e1-lo em uma cova rasa, al\u00e9m de possuir passagens por estupro de vulner\u00e1vel e viol\u00eancia dom\u00e9stica.<\/p>\n\n\n\n<p>A Pol\u00edcia Civil ainda apura uma tentativa de estupro cometida por Marcos contra uma manicure, ocorrida dias antes do feminic\u00eddio da irm\u00e3.<\/p>\n\n\n\n<p>Com a manuten\u00e7\u00e3o da pris\u00e3o, o assassino segue detido enquanto a DHPP aguarda os laudos periciais que devem confirmar se a adolescente tamb\u00e9m foi queimada e torturada antes da morte.<\/p>\n\n\n\n<p>Rep\u00f3rter MT<\/p>\n","protected":false},"excerpt":{"rendered":"<p>O juiz Jo\u00e3o Bosco Soares da Silva, da 14\u00aa Vara Criminal de Cuiab\u00e1, manteve a pris\u00e3o de Marcos Pereira Soares durante audi\u00eancia de cust\u00f3dia realizada hoje (12). O magistrado expediu o mandado de pris\u00e3o tempor\u00e1ria contra o criminoso, acusado de estuprar, torturar e assassinar a irm\u00e3 de 17 anos, no bairro Tr\u00eas Barras. A decis\u00e3o [&hellip;]<\/p>\n","protected":false},"author":2,"featured_media":20977,"comment_status":"closed","ping_status":"closed","sticky":false,"template":"","format":"standard","meta":{"_monsterinsights_skip_tracking":false,"_monsterinsights_sitenote_active":false,"_monsterinsights_sitenote_note":"","_monsterinsights_sitenote_category":0,"footnotes":""},"categories":[1],"tags":[],"_links":{"self":[{"href":"https:\/\/nazarenonews.com.br\/index.php\/wp-json\/wp\/v2\/posts\/20976"}],"collection":[{"href":"https:\/\/nazarenonews.com.br\/index.php\/wp-json\/wp\/v2\/posts"}],"about":[{"href":"https:\/\/nazarenonews.com.br\/index.php\/wp-json\/wp\/v2\/types\/post"}],"author":[{"embeddable":true,"href":"https:\/\/nazarenonews.com.br\/index.php\/wp-json\/wp\/v2\/users\/2"}],"replies":[{"embeddable":true,"href":"https:\/\/nazarenonews.com.br\/index.php\/wp-json\/wp\/v2\/comments?post=20976"}],"version-history":[{"count":1,"href":"https:\/\/nazarenonews.com.br\/index.php\/wp-json\/wp\/v2\/posts\/20976\/revisions"}],"predecessor-version":[{"id":20978,"href":"https:\/\/nazarenonews.com.br\/index.php\/wp-json\/wp\/v2\/posts\/20976\/revisions\/20978"}],"wp:featuredmedia":[{"embeddable":true,"href":"https:\/\/nazarenonews.com.br\/index.php\/wp-json\/wp\/v2\/media\/20977"}],"wp:attachment":[{"href":"https:\/\/nazarenonews.com.br\/index.php\/wp-json\/wp\/v2\/media?parent=20976"}],"wp:term":[{"taxonomy":"category","embeddable":true,"href":"https:\/\/nazarenonews.com.br\/index.php\/wp-json\/wp\/v2\/categories?post=20976"},{"taxonomy":"post_tag","embeddable":true,"href":"https:\/\/nazarenonews.com.br\/index.php\/wp-json\/wp\/v2\/tags?post=20976"}],"curies":[{"name":"wp","href":"https:\/\/api.w.org\/{rel}","templated":true}]}}