{"id":20973,"date":"2026-03-13T06:54:43","date_gmt":"2026-03-13T10:54:43","guid":{"rendered":"https:\/\/nazarenonews.com.br\/?p=20973"},"modified":"2026-03-13T06:54:43","modified_gmt":"2026-03-13T10:54:43","slug":"padrasto-sequestrado-por-enteados-apos-feminicidio-em-mt-pode-estar-morto-diz-policia","status":"publish","type":"post","link":"https:\/\/nazarenonews.com.br\/index.php\/2026\/03\/13\/padrasto-sequestrado-por-enteados-apos-feminicidio-em-mt-pode-estar-morto-diz-policia\/","title":{"rendered":"Padrasto sequestrado por enteados ap\u00f3s feminic\u00eddio em MT pode estar morto, diz pol\u00edcia"},"content":{"rendered":"\n<p>Os dois filhos de&nbsp;<a class=\"\" href=\"https:\/\/g1.globo.com\/mt\/mato-grosso\/noticia\/2026\/03\/11\/filhos-de-vitima-de-feminicidio-sao-presos-no-velorio-da-mae-apos-sequestrarem-suspeito-em-mt.ghtml\"><strong>Gabia Socorro da Silva<\/strong>, de 38 anos, morta por feminic\u00eddio na quarta-feira (10)<\/a>, foram ouvidos pela Pol\u00edcia Civil e disseram acreditar que o padrasto,&nbsp;<strong>Lourival Lucena Pinto Filho,<\/strong>&nbsp;de 32 anos, esteja morto. Segundo eles,&nbsp;um terceiro irm\u00e3o, que continua foragido, afirmou que mataria o suspeito.<\/p>\n\n\n\n<p>Os dois foram presos na quarta-feira (10), durante o vel\u00f3rio da m\u00e3e, em\u00a0<a class=\"\" href=\"https:\/\/g1.globo.com\/mt\/mato-grosso\/cidade\/confresa\/\">Confresa<\/a>, ap\u00f3s sequestrarem o padrasto, que \u00e9 suspeito de cometer o crime. Em depoimento, eles disseram \u00e0 pol\u00edcia que outro irm\u00e3o, teria participado do sequestro do padrasto com a ajuda de um quarto homem. Segundo eles,\u00a0os dois fugiram levando o suspeito para um local desconhecido.<\/p>\n\n\n\n<p>De acordo com o delegado respons\u00e1vel pelo caso, Onias Estevam Pereira Filho, Lourival \u00e9 considerado o principal suspeito do feminic\u00eddio. A pol\u00edcia tenta localizar o homem e\u00a0trabalha com a hip\u00f3tese de que ele possa ter sido morto.<\/p>\n\n\n\n<p><strong>\u201cN\u00f3s acreditamos que ele esteja morto porque, quando eles sa\u00edram do local o amea\u00e7aram de morte. Em seguida, ele foi levado e at\u00e9 agora n\u00e3o o achamos\u201d, contou.<\/strong><\/p>\n\n\n\n<p>At\u00e9 o momento, nem o terceiro irm\u00e3o nem o suspeito de feminic\u00eddio foram encontrados. As buscas continuam.<\/p>\n\n\n\n<h2 class=\"wp-block-heading\">Entenda o caso<\/h2>\n\n\n\n<p>Gabia foi atingida por pelo menos tr\u00eas golpes de faca na regi\u00e3o do abd\u00f4men, conforme an\u00e1lise preliminar da per\u00edcia. A pol\u00edcia informou que o filho adolescente foi quem encontrou a m\u00e3e morta dentro de casa.<\/p>\n\n\n\n<p>Segundo a investiga\u00e7\u00e3o, ap\u00f3s descobrirem a morte da m\u00e3e, tr\u00eas filhos de Gabia foram at\u00e9 a casa do suspeito, onde ele foi agredido. Em seguida, os jovens colocaram o homem em uma motocicleta e o levaram do local. Desde ent\u00e3o, ele n\u00e3o foi mais visto.<\/p>\n\n\n\n<p>O pai do suspeito contou \u00e0 pol\u00edcia que ouviu dos jovens a amea\u00e7a de que eles matariam o homem. A \u00faltima vez que ele foi visto foi na casa do pai, que fica a poucos metros da casa onde a v\u00edtima foi encontrada morta.<\/p>\n\n\n\n<p>Durante as investiga\u00e7\u00f5es, o adolescente de 16 anos foi apreendido e o irm\u00e3o dele, de 22, foi preso pela Pol\u00edcia Militar durante o vel\u00f3rio da m\u00e3e, em Confresa. Os dois s\u00e3o suspeitos de envolvimento no sequestro do padrasto.<\/p>\n\n\n\n<h2 class=\"wp-block-heading\">Hist\u00f3rico de viol\u00eancia<\/h2>\n\n\n\n<p>Lourival j\u00e1 havia sido preso anteriormente por agredi-la em um caso de viol\u00eancia dom\u00e9stica, segundo a Pol\u00edcia Civil.<\/p>\n\n\n\n<p>O hist\u00f3rico de viol\u00eancia entre o casal j\u00e1 havia sido registrado pela pol\u00edcia. Em um dos casos, o suspeito foi preso em flagrante ap\u00f3s a v\u00edtima relatar que foi agredida durante a madrugada.<\/p>\n\n\n\n<p>Na ocasi\u00e3o, ela decidiu renunciar ao pedido de medidas protetivas e o homem foi liberado ap\u00f3s audi\u00eancia de cust\u00f3dia.<\/p>\n\n\n\n<p>g1-MT<\/p>\n","protected":false},"excerpt":{"rendered":"<p>Os dois filhos de&nbsp;Gabia Socorro da Silva, de 38 anos, morta por feminic\u00eddio na quarta-feira (10), foram ouvidos pela Pol\u00edcia Civil e disseram acreditar que o padrasto,&nbsp;Lourival Lucena Pinto Filho,&nbsp;de 32 anos, esteja morto. Segundo eles,&nbsp;um terceiro irm\u00e3o, que continua foragido, afirmou que mataria o suspeito. Os dois foram presos na quarta-feira (10), durante o [&hellip;]<\/p>\n","protected":false},"author":2,"featured_media":20974,"comment_status":"closed","ping_status":"closed","sticky":false,"template":"","format":"standard","meta":{"_monsterinsights_skip_tracking":false,"_monsterinsights_sitenote_active":false,"_monsterinsights_sitenote_note":"","_monsterinsights_sitenote_category":0,"footnotes":""},"categories":[51,1],"tags":[],"_links":{"self":[{"href":"https:\/\/nazarenonews.com.br\/index.php\/wp-json\/wp\/v2\/posts\/20973"}],"collection":[{"href":"https:\/\/nazarenonews.com.br\/index.php\/wp-json\/wp\/v2\/posts"}],"about":[{"href":"https:\/\/nazarenonews.com.br\/index.php\/wp-json\/wp\/v2\/types\/post"}],"author":[{"embeddable":true,"href":"https:\/\/nazarenonews.com.br\/index.php\/wp-json\/wp\/v2\/users\/2"}],"replies":[{"embeddable":true,"href":"https:\/\/nazarenonews.com.br\/index.php\/wp-json\/wp\/v2\/comments?post=20973"}],"version-history":[{"count":1,"href":"https:\/\/nazarenonews.com.br\/index.php\/wp-json\/wp\/v2\/posts\/20973\/revisions"}],"predecessor-version":[{"id":20975,"href":"https:\/\/nazarenonews.com.br\/index.php\/wp-json\/wp\/v2\/posts\/20973\/revisions\/20975"}],"wp:featuredmedia":[{"embeddable":true,"href":"https:\/\/nazarenonews.com.br\/index.php\/wp-json\/wp\/v2\/media\/20974"}],"wp:attachment":[{"href":"https:\/\/nazarenonews.com.br\/index.php\/wp-json\/wp\/v2\/media?parent=20973"}],"wp:term":[{"taxonomy":"category","embeddable":true,"href":"https:\/\/nazarenonews.com.br\/index.php\/wp-json\/wp\/v2\/categories?post=20973"},{"taxonomy":"post_tag","embeddable":true,"href":"https:\/\/nazarenonews.com.br\/index.php\/wp-json\/wp\/v2\/tags?post=20973"}],"curies":[{"name":"wp","href":"https:\/\/api.w.org\/{rel}","templated":true}]}}