{"id":20970,"date":"2026-03-13T06:51:44","date_gmt":"2026-03-13T10:51:44","guid":{"rendered":"https:\/\/nazarenonews.com.br\/?p=20970"},"modified":"2026-03-13T06:51:44","modified_gmt":"2026-03-13T10:51:44","slug":"bebe-recem-nascido-e-salvo-de-engasgo-com-leite-apos-vizinha-chamar-bombeiros-em-mt","status":"publish","type":"post","link":"https:\/\/nazarenonews.com.br\/index.php\/2026\/03\/13\/bebe-recem-nascido-e-salvo-de-engasgo-com-leite-apos-vizinha-chamar-bombeiros-em-mt\/","title":{"rendered":"Beb\u00ea rec\u00e9m-nascido \u00e9 salvo de engasgo com leite ap\u00f3s vizinha chamar bombeiros em MT"},"content":{"rendered":"\n<p>Um beb\u00ea rec\u00e9m-nascido foi salvo de um engasgo com leite materno nessa quarta-feira (11) ap\u00f3s a vizinha chamar os bombeiros em&nbsp;<a class=\"\" href=\"https:\/\/g1.globo.com\/mt\/mato-grosso\/cidade\/campo-novo-do-parecis\/\">Campo Novo do Parecis<\/a>, a 397 km de Cuiab\u00e1.<\/p>\n\n\n\n<p>A menina tem 36 dias de vida e apresentou dificuldades para respirar. A vizinha percebeu o problema e ligou para a emerg\u00eancia.<a href=\"https:\/\/globoplay.globo.com\/categorias\/lollapalooza\/?origemId=1779&amp;utm_source=g1&amp;utm_medium=tapume&amp;utm_campaign=aq-org_g1_conteudo_up_perf_banner_web_tier2_live_lolla-24&amp;utm_content=banner&amp;utm_term=tapume-g1-assista\"><\/a><\/p>\n\n\n\n<p>Enquanto ela estava na chamada, a m\u00e3e colocou a beb\u00ea em um ve\u00edculo e seguiu para o hospital na cidade.<\/p>\n\n\n\n<p>Assim, a partir da liga\u00e7\u00e3o os bombeiros seguiram caminho da casa e encontraram a m\u00e3e durante o trajeto para a unidade de sa\u00fade.<\/p>\n\n\n\n<p>De imediato, a equipe assumiu os cuidados com o beb\u00ea e fez a manobra de desengasgo, o que ajudou a menina a respirar normalmente.<\/p>\n\n\n\n<p>Segundo os bombeiros, a beb\u00ea n\u00e3o apresentou problemas graves e teve um princ\u00edpio de parada respirat\u00f3ria.<\/p>\n\n\n\n<p>Essa situa\u00e7\u00e3o costuma ser relativamente comum em rec\u00e9m-nascidos, segundo os bombeiros. A corpora\u00e7\u00e3o destaca ainda a import\u00e2ncia dos pais conhecerem as no\u00e7\u00f5es b\u00e1sicas de primeiros-socorros para este tipo de emerg\u00eancia.<\/p>\n\n\n\n<p>Ap\u00f3s o atendimento inicial, a beb\u00ea foi encaminhada para a unidade de sa\u00fade para avalia\u00e7\u00e3o m\u00e9dica complementar.<\/p>\n\n\n\n<p>g1-MT<\/p>\n","protected":false},"excerpt":{"rendered":"<p>Um beb\u00ea rec\u00e9m-nascido foi salvo de um engasgo com leite materno nessa quarta-feira (11) ap\u00f3s a vizinha chamar os bombeiros em&nbsp;Campo Novo do Parecis, a 397 km de Cuiab\u00e1. A menina tem 36 dias de vida e apresentou dificuldades para respirar. A vizinha percebeu o problema e ligou para a emerg\u00eancia. Enquanto ela estava na [&hellip;]<\/p>\n","protected":false},"author":2,"featured_media":20971,"comment_status":"closed","ping_status":"closed","sticky":false,"template":"","format":"standard","meta":{"_monsterinsights_skip_tracking":false,"_monsterinsights_sitenote_active":false,"_monsterinsights_sitenote_note":"","_monsterinsights_sitenote_category":0,"footnotes":""},"categories":[51,1],"tags":[],"_links":{"self":[{"href":"https:\/\/nazarenonews.com.br\/index.php\/wp-json\/wp\/v2\/posts\/20970"}],"collection":[{"href":"https:\/\/nazarenonews.com.br\/index.php\/wp-json\/wp\/v2\/posts"}],"about":[{"href":"https:\/\/nazarenonews.com.br\/index.php\/wp-json\/wp\/v2\/types\/post"}],"author":[{"embeddable":true,"href":"https:\/\/nazarenonews.com.br\/index.php\/wp-json\/wp\/v2\/users\/2"}],"replies":[{"embeddable":true,"href":"https:\/\/nazarenonews.com.br\/index.php\/wp-json\/wp\/v2\/comments?post=20970"}],"version-history":[{"count":1,"href":"https:\/\/nazarenonews.com.br\/index.php\/wp-json\/wp\/v2\/posts\/20970\/revisions"}],"predecessor-version":[{"id":20972,"href":"https:\/\/nazarenonews.com.br\/index.php\/wp-json\/wp\/v2\/posts\/20970\/revisions\/20972"}],"wp:featuredmedia":[{"embeddable":true,"href":"https:\/\/nazarenonews.com.br\/index.php\/wp-json\/wp\/v2\/media\/20971"}],"wp:attachment":[{"href":"https:\/\/nazarenonews.com.br\/index.php\/wp-json\/wp\/v2\/media?parent=20970"}],"wp:term":[{"taxonomy":"category","embeddable":true,"href":"https:\/\/nazarenonews.com.br\/index.php\/wp-json\/wp\/v2\/categories?post=20970"},{"taxonomy":"post_tag","embeddable":true,"href":"https:\/\/nazarenonews.com.br\/index.php\/wp-json\/wp\/v2\/tags?post=20970"}],"curies":[{"name":"wp","href":"https:\/\/api.w.org\/{rel}","templated":true}]}}