{"id":20967,"date":"2026-03-13T06:50:12","date_gmt":"2026-03-13T10:50:12","guid":{"rendered":"https:\/\/nazarenonews.com.br\/?p=20967"},"modified":"2026-03-13T06:50:12","modified_gmt":"2026-03-13T10:50:12","slug":"corregedoria-apura-falha-humana-na-soltura-de-detento-suspeito-de-matar-a-propria-irma-apos-deixar-a-prisao-em-mt","status":"publish","type":"post","link":"https:\/\/nazarenonews.com.br\/index.php\/2026\/03\/13\/corregedoria-apura-falha-humana-na-soltura-de-detento-suspeito-de-matar-a-propria-irma-apos-deixar-a-prisao-em-mt\/","title":{"rendered":"Corregedoria apura \u2018falha humana\u2019 na soltura de detento suspeito de matar a pr\u00f3pria irm\u00e3 ap\u00f3s deixar a pris\u00e3o em MT"},"content":{"rendered":"\n<p>A Corregedoria-Geral da Justi\u00e7a de Mato Grosso investiga nesta quinta-feira (12) uma poss\u00edvel&nbsp;<strong>&#8220;falha humana&#8221;<\/strong>&nbsp;na soltura do detento&nbsp;<a class=\"\" href=\"https:\/\/g1.globo.com\/mt\/mato-grosso\/noticia\/2026\/03\/12\/homem-e-preso-suspeito-de-assassinar-irma-dias-apos-deixar-presidio-em-cuiaba.ghtml\">Marcos Pereira Soares, de 23 anos, que voltou a ser preso na noite de quarta-feira (11) ap\u00f3s suspeita de assassinar a pr\u00f3pria irm\u00e3, menor de idade, em<\/a>&nbsp;<a class=\"\" href=\"https:\/\/g1.globo.com\/mt\/mato-grosso\/cidade\/cuiaba\/\">Cuiab\u00e1<\/a>.<\/p>\n\n\n\n<p>O caso ganhou repercuss\u00e3o devido \u00e0 crueldade contra a adolescente e pelo hist\u00f3rico da ficha criminal dele, no qual a pol\u00edcia o aponta como um &#8220;criminoso sexual em s\u00e9rie&#8221;.<\/p>\n\n\n\n<p>Segundo a Corregedoria, uma an\u00e1lise preliminar apontou poss\u00edvel falha humana ao soltar o suspeito no s\u00e1bado (7) enquanto cumpria pena em regime fechado no pres\u00eddio Ahmenon Lemos Dantas, em V\u00e1rzea Grande, regi\u00e3o metropolitana de Cuiab\u00e1.&nbsp;<strong>Isso porque existia dois registros judiciais vinculados ao nome da mesma pessoa.<\/strong><\/p>\n\n\n\n<p>&#8220;N\u00e3o h\u00e1, at\u00e9 o momento, ind\u00edcios de falha no funcionamento do sistema. A apura\u00e7\u00e3o busca esclarecer os fatos e verificar as circunst\u00e2ncias do ocorrido&#8221;, diz trecho da nota.<\/p>\n\n\n\n<p>Por\u00e9m, a<a class=\"\" href=\"https:\/\/g1.globo.com\/mt\/mato-grosso\/noticia\/2026\/03\/12\/suspeito-de-estuprar-e-matar-irma-em-cuiaba-pode-ter-sido-solto-apos-erro-em-cadastro-diz-juiz.ghtml\">&nbsp;inconsist\u00eancia no sistema foi apontada pelo juiz Geraldo Fernandes Fid\u00e9lis Neto<\/a>, da Vara de Execu\u00e7\u00f5es Penais, que encaminhou um pedido ao Conselho Nacional de Justi\u00e7a (CNJ).<\/p>\n\n\n\n<p>Por isso, o magistrado determinou um mandado de recaptura contra Marcos nessa quarta-feira (11), mesmo dia em que o corpo da irm\u00e3 foi encontrado.<\/p>\n\n\n\n<p>A Corregedoria acompanha o caso.<\/p>\n\n\n\n<p>Momento em que suspeito de estuprar e assassinar irm\u00e3 de 17 anos \u00e9 preso em Cuiab\u00e1<\/p>\n\n\n\n<p>O crime ocorreu no bairro Tr\u00eas Barras, na capital cuiabana. Stephany Pereira saiu de casa com o irm\u00e3o na ter\u00e7a-feira (10) e o corpo dela foi encontrado amarrado dentro de um c\u00f3rrego na noite de quarta-feira (11). Esse local fica nos fundos da casa da fam\u00edlia.<\/p>\n\n\n\n<p>Segundo a pol\u00edcia, ela foi torturada e pode ter sido v\u00edtima de abuso sexual. Marcos foi preso poucas horas ap\u00f3s o crime.<\/p>\n\n\n\n<p>O suspeito tem uma extensa ficha criminal.&nbsp;<strong>Ele chegou a ser condenado a 19 anos em regime fechado por ter matado o pr\u00f3prio vizinho com 27 facadas, em 2020.<\/strong><\/p>\n\n\n\n<p><a class=\"\" href=\"https:\/\/g1.globo.com\/mt\/mato-grosso\/noticia\/2026\/03\/12\/suspeito-de-estuprar-e-matar-irma-em-cuiaba-ja-havia-matado-a-tia-e-tinha-15-registros-policiais-veja-cronologia.ghtml\"><strong>Ele tamb\u00e9m \u00e9 investigado pela morte da tia materna<\/strong><\/a>, que foi encontrada no mesmo c\u00f3rrego onde estava o corpo da irm\u00e3, al\u00e9m de ter passagens por viol\u00eancia dom\u00e9stica.<\/p>\n\n\n\n<p>A pol\u00edcia apura que a motiva\u00e7\u00e3o dele seja por&nbsp;<strong>\u00f3dio \u00e0s mulheres<\/strong>.<\/p>\n\n\n\n<p>Em outro caso, ele tamb\u00e9m \u00e9 investigado por observar funcion\u00e1rias de um sal\u00e3o de beleza durante a madrugada. Marcos chega a ficar de joelhos, olhando por baixo da porta, depois sai e, pouco depois, volta para olhar as mulheres.<\/p>\n\n\n\n<p>g1-MT<\/p>\n","protected":false},"excerpt":{"rendered":"<p>A Corregedoria-Geral da Justi\u00e7a de Mato Grosso investiga nesta quinta-feira (12) uma poss\u00edvel&nbsp;&#8220;falha humana&#8221;&nbsp;na soltura do detento&nbsp;Marcos Pereira Soares, de 23 anos, que voltou a ser preso na noite de quarta-feira (11) ap\u00f3s suspeita de assassinar a pr\u00f3pria irm\u00e3, menor de idade, em&nbsp;Cuiab\u00e1. O caso ganhou repercuss\u00e3o devido \u00e0 crueldade contra a adolescente e pelo [&hellip;]<\/p>\n","protected":false},"author":2,"featured_media":20968,"comment_status":"closed","ping_status":"closed","sticky":false,"template":"","format":"standard","meta":{"_monsterinsights_skip_tracking":false,"_monsterinsights_sitenote_active":false,"_monsterinsights_sitenote_note":"","_monsterinsights_sitenote_category":0,"footnotes":""},"categories":[1],"tags":[],"_links":{"self":[{"href":"https:\/\/nazarenonews.com.br\/index.php\/wp-json\/wp\/v2\/posts\/20967"}],"collection":[{"href":"https:\/\/nazarenonews.com.br\/index.php\/wp-json\/wp\/v2\/posts"}],"about":[{"href":"https:\/\/nazarenonews.com.br\/index.php\/wp-json\/wp\/v2\/types\/post"}],"author":[{"embeddable":true,"href":"https:\/\/nazarenonews.com.br\/index.php\/wp-json\/wp\/v2\/users\/2"}],"replies":[{"embeddable":true,"href":"https:\/\/nazarenonews.com.br\/index.php\/wp-json\/wp\/v2\/comments?post=20967"}],"version-history":[{"count":1,"href":"https:\/\/nazarenonews.com.br\/index.php\/wp-json\/wp\/v2\/posts\/20967\/revisions"}],"predecessor-version":[{"id":20969,"href":"https:\/\/nazarenonews.com.br\/index.php\/wp-json\/wp\/v2\/posts\/20967\/revisions\/20969"}],"wp:featuredmedia":[{"embeddable":true,"href":"https:\/\/nazarenonews.com.br\/index.php\/wp-json\/wp\/v2\/media\/20968"}],"wp:attachment":[{"href":"https:\/\/nazarenonews.com.br\/index.php\/wp-json\/wp\/v2\/media?parent=20967"}],"wp:term":[{"taxonomy":"category","embeddable":true,"href":"https:\/\/nazarenonews.com.br\/index.php\/wp-json\/wp\/v2\/categories?post=20967"},{"taxonomy":"post_tag","embeddable":true,"href":"https:\/\/nazarenonews.com.br\/index.php\/wp-json\/wp\/v2\/tags?post=20967"}],"curies":[{"name":"wp","href":"https:\/\/api.w.org\/{rel}","templated":true}]}}