{"id":20964,"date":"2026-03-12T15:47:20","date_gmt":"2026-03-12T19:47:20","guid":{"rendered":"https:\/\/nazarenonews.com.br\/?p=20964"},"modified":"2026-03-12T15:47:20","modified_gmt":"2026-03-12T19:47:20","slug":"eua-avalia-reincluir-alexandre-de-moraes-na-magnitsky","status":"publish","type":"post","link":"https:\/\/nazarenonews.com.br\/index.php\/2026\/03\/12\/eua-avalia-reincluir-alexandre-de-moraes-na-magnitsky\/","title":{"rendered":"EUA avalia reincluir Alexandre de Moraes na Magnitsky"},"content":{"rendered":"\n<p>O governo Donald Trump avalia a possibilidade de voltar a sancionar o ministro Alexandre de Moraes, do Supremo Tribunal Federal (STF), com base na chamada Lei Magnitsky.<br>O ministro foi punido com a san\u00e7\u00e3o pelo governo dos EUA em julho de 2025. A decis\u00e3o criou empecilhos para que Moraes negociasse ou usasse servi\u00e7os de empresas americanas, al\u00e9m de congelar eventuais ativos e propriedades dele nos EUA.<\/p>\n\n\n\n<p>A san\u00e7\u00e3o foi estendida \u00e0 mulher do ministro, a advogada Viviane Barci de Moraes, e a uma firma pertencente a ela, o Lex Instituto de Estudos Jur\u00eddicos.<br>Em dezembro passado, a aplica\u00e7\u00e3o das san\u00e7\u00f5es foi suspensa.<\/p>\n\n\n\n<p>A exist\u00eancia de discuss\u00f5es sobre o assunto na administra\u00e7\u00e3o Trump foi relatada \u00e0 coluna por tr\u00eas fontes, de forma independente entre si, no \u00faltimo m\u00eas.<br>Dentro do governo dos EUA, o respons\u00e1vel por acompanhar a atua\u00e7\u00e3o de Moraes \u00e9 o assessor s\u00eanior do Departamento de Estado Darren Beattie. Nomeado no fim de fevereiro para o cargo, ele j\u00e1 exercia influ\u00eancia sobre a pol\u00edtica do governo Trump para o Brasil desde o come\u00e7o do atual mandato do republicano, em janeiro de 2025.<\/p>\n\n\n\n<p>Na \u00faltima ter\u00e7a-feira (10\/3), Alexandre de Moraes autorizou Darren Beattie a visitar Jair Bolsonaro em sua cela na \u201cPapudinha\u201d \u2014 na verdade, uma ala do 19\u00ba Batalh\u00e3o da Pol\u00edcia Militar do Distrito Federal (PMDF) dentro do pres\u00eddio da Papuda, em Bras\u00edlia.<br>Al\u00e9m de Bolsonaro, Beattie dever\u00e1 se encontrar com outros pol\u00edticos de oposi\u00e7\u00e3o durante sua visita a Bras\u00edlia na semana que vem.<\/p>\n\n\n\n<p>Em agosto do ano passado, Beattie criticou Moraes diretamente em um post em uma rede social. Segundo ele, o ministro seria \u201co principal arquiteto do complexo de censura e persegui\u00e7\u00e3o direcionado a Bolsonaro e seus apoiadores\u201d.<\/p>\n\n\n\n<p><strong>Big Techs s\u00e3o a principal fonte de tens\u00e3o dos EUA com Moraes<\/strong><br>Atualmente, a principal fonte de tens\u00e3o entre Moraes e o governo Trump n\u00e3o \u00e9 a execu\u00e7\u00e3o penal do ex-presidente Jair Bolsonaro (PL), e sim o hist\u00f3rico conflituoso do ministro com empresas americanas de tecnologia, especialmente as gigantes do setor, chamadas coletivamente de \u201cBig Tech\u201d.<\/p>\n\n\n\n<p>Em agosto do ano passado, Moraes proibiu todos os brasileiros de usarem a plataforma X, o antigo Twitter, atualmente sob propriedade do bilion\u00e1rio Elon Musk.<br>A proibi\u00e7\u00e3o se estendeu por 39 dias e s\u00f3 foi suspensa ap\u00f3s o pagamento de R$ 26,8 milh\u00f5es em multas, o bloqueio de perfis investigados e a nomea\u00e7\u00e3o, por parte da empresa, de representantes no Brasil.<\/p>\n\n\n\n<p>O Departamento de Estado de Trump v\u00ea com preocupa\u00e7\u00e3o a difus\u00e3o do pensamento de Alexandre de Moraes, nos c\u00edrculos jur\u00eddicos, sobre o enfrentamento ao \u201cpopulismo extremista\u201d nas redes sociais.<br>O ministro \u00e9 autor de um livro sobre o assunto, intitulado&nbsp;<em><strong>\u201c<\/strong><strong><em>De<\/em>mocracia e Redes Sociais: Desafio de Combater o Populismo Digital Extremista\u201d<\/strong><\/em>. Lan\u00e7ada em outubro de 2024, a obra foi finalista do Pr\u00eamio Jabuti no ano passado.<\/p>\n\n\n\n<p>Na obra, Moraes prop\u00f5e a regulamenta\u00e7\u00e3o das plataformas de internet como uma forma de proteger o eleitorado de supostas manipula\u00e7\u00f5es indevidas, especialmente durante as elei\u00e7\u00f5es.<br>Empresas de redes sociais deveriam ser responsabilizadas como as outras empresas de comunica\u00e7\u00e3o, argumenta ele.<\/p>\n\n\n\n<p><em><strong>\u201cAs condutas dos provedores de redes sociais e de servi\u00e7os de mensageria privada e de seus dirigentes precisam ser devidamente regulamentadas e responsabilizadas, pois s\u00e3o remuneradas por impulsionamentos e monetiza\u00e7\u00e3o, bem como h\u00e1 o direcionamento dos assuntos pelos algoritmos, podendo configurar responsabilidade civil e administrativa das empresas e penal de seus representantes legais\u201d<\/strong><\/em>, diz um trecho.<\/p>\n\n\n\n<p>O governo Trump v\u00ea a tese de Moraes sobre as Big Tech como um atentado a valores dos EUA, como a liberdade de express\u00e3o. H\u00e1 preocupa\u00e7\u00e3o com a influ\u00eancia que Moraes possa vir a exercer sobre juristas de outros pa\u00edses, impactando pol\u00edticos e movimentos de direita que usam as redes sociais para difundir suas ideias.<\/p>\n\n\n\n<p>Rep\u00f3rter MT<\/p>\n","protected":false},"excerpt":{"rendered":"<p>O governo Donald Trump avalia a possibilidade de voltar a sancionar o ministro Alexandre de Moraes, do Supremo Tribunal Federal (STF), com base na chamada Lei Magnitsky.O ministro foi punido com a san\u00e7\u00e3o pelo governo dos EUA em julho de 2025. A decis\u00e3o criou empecilhos para que Moraes negociasse ou usasse servi\u00e7os de empresas americanas, [&hellip;]<\/p>\n","protected":false},"author":2,"featured_media":20965,"comment_status":"closed","ping_status":"closed","sticky":false,"template":"","format":"standard","meta":{"_monsterinsights_skip_tracking":false,"_monsterinsights_sitenote_active":false,"_monsterinsights_sitenote_note":"","_monsterinsights_sitenote_category":0,"footnotes":""},"categories":[49,1,48],"tags":[],"_links":{"self":[{"href":"https:\/\/nazarenonews.com.br\/index.php\/wp-json\/wp\/v2\/posts\/20964"}],"collection":[{"href":"https:\/\/nazarenonews.com.br\/index.php\/wp-json\/wp\/v2\/posts"}],"about":[{"href":"https:\/\/nazarenonews.com.br\/index.php\/wp-json\/wp\/v2\/types\/post"}],"author":[{"embeddable":true,"href":"https:\/\/nazarenonews.com.br\/index.php\/wp-json\/wp\/v2\/users\/2"}],"replies":[{"embeddable":true,"href":"https:\/\/nazarenonews.com.br\/index.php\/wp-json\/wp\/v2\/comments?post=20964"}],"version-history":[{"count":1,"href":"https:\/\/nazarenonews.com.br\/index.php\/wp-json\/wp\/v2\/posts\/20964\/revisions"}],"predecessor-version":[{"id":20966,"href":"https:\/\/nazarenonews.com.br\/index.php\/wp-json\/wp\/v2\/posts\/20964\/revisions\/20966"}],"wp:featuredmedia":[{"embeddable":true,"href":"https:\/\/nazarenonews.com.br\/index.php\/wp-json\/wp\/v2\/media\/20965"}],"wp:attachment":[{"href":"https:\/\/nazarenonews.com.br\/index.php\/wp-json\/wp\/v2\/media?parent=20964"}],"wp:term":[{"taxonomy":"category","embeddable":true,"href":"https:\/\/nazarenonews.com.br\/index.php\/wp-json\/wp\/v2\/categories?post=20964"},{"taxonomy":"post_tag","embeddable":true,"href":"https:\/\/nazarenonews.com.br\/index.php\/wp-json\/wp\/v2\/tags?post=20964"}],"curies":[{"name":"wp","href":"https:\/\/api.w.org\/{rel}","templated":true}]}}