{"id":20961,"date":"2026-03-12T15:43:42","date_gmt":"2026-03-12T19:43:42","guid":{"rendered":"https:\/\/nazarenonews.com.br\/?p=20961"},"modified":"2026-03-12T15:43:52","modified_gmt":"2026-03-12T19:43:52","slug":"camara-de-cuiaba-aprova-mocao-de-repudio-contra-erika-hilton-na-comissao-da-mulher","status":"publish","type":"post","link":"https:\/\/nazarenonews.com.br\/index.php\/2026\/03\/12\/camara-de-cuiaba-aprova-mocao-de-repudio-contra-erika-hilton-na-comissao-da-mulher\/","title":{"rendered":"C\u00e2mara de Cuiab\u00e1 aprova mo\u00e7\u00e3o de rep\u00fadio contra Erika Hilton na Comiss\u00e3o da Mulher"},"content":{"rendered":"\n<p>A elei\u00e7\u00e3o da deputada federal&nbsp;<a href=\"https:\/\/www.reportermt.com\/papo-reto\/erika-hilton-e-eleita-para-presidir-comissao-da-mulher\/233947\" target=\"_blank\" rel=\"noreferrer noopener\">Erika Hilton (PSOL-SP) para a presid\u00eancia da Comiss\u00e3o de Defesa dos Direitos da Mulher<\/a>&nbsp;provocou rea\u00e7\u00e3o negativa na C\u00e2mara de Cuiab\u00e1. Os vereadores aprovaram hoje (12) uma mo\u00e7\u00e3o de rep\u00fadio contra a parlamentar, sob o argumento de que sua conduta em Bras\u00edlia afronta a seguran\u00e7a e a identidade das mulheres brasileiras.<\/p>\n\n\n\n<p>O autor da proposta, o vereador e policial federal Rafael Ranalli (PL), subiu o tom ao justificar o pedido. Ele destacou que Erika Hilton votou contra o aumento de pena para estupradores e criticou duramente o uso da express\u00e3o &#8220;pessoas que gestam&#8221; pela deputada.<\/p>\n\n\n\n<p>Para Ranalli e os 10 vereadores que o acompanharam, essa postura &#8220;descaracteriza a mulher&#8221; e compromete a efic\u00e1cia de um colegiado que deveria priorizar o rigor contra criminosos.<\/p>\n\n\n\n<p>O placar de 11 votos favor\u00e1veis consolidou o posicionamento da bancada conservadora da capital. Votaram com Ranalli nomes como Paula Calil (PL), Michelly Alencar (Uni\u00e3o) e Sargento Joelson (PSB).<\/p>\n\n\n\n<p>Do lado oposto, apenas Baixinha Giraldelli (SD) votou contra, enquanto outros dois se abstiveram. O documento agora segue para Bras\u00edlia como um protesto oficial da &#8220;Casa de Leis&#8221; cuiabana contra a atual gest\u00e3o da comiss\u00e3o feminina.<\/p>\n\n\n\n<p>Rep\u00f3rter MT<\/p>\n","protected":false},"excerpt":{"rendered":"<p>A elei\u00e7\u00e3o da deputada federal&nbsp;Erika Hilton (PSOL-SP) para a presid\u00eancia da Comiss\u00e3o de Defesa dos Direitos da Mulher&nbsp;provocou rea\u00e7\u00e3o negativa na C\u00e2mara de Cuiab\u00e1. Os vereadores aprovaram hoje (12) uma mo\u00e7\u00e3o de rep\u00fadio contra a parlamentar, sob o argumento de que sua conduta em Bras\u00edlia afronta a seguran\u00e7a e a identidade das mulheres brasileiras. O [&hellip;]<\/p>\n","protected":false},"author":2,"featured_media":20962,"comment_status":"closed","ping_status":"closed","sticky":false,"template":"","format":"standard","meta":{"_monsterinsights_skip_tracking":false,"_monsterinsights_sitenote_active":false,"_monsterinsights_sitenote_note":"","_monsterinsights_sitenote_category":0,"footnotes":""},"categories":[1,48],"tags":[],"_links":{"self":[{"href":"https:\/\/nazarenonews.com.br\/index.php\/wp-json\/wp\/v2\/posts\/20961"}],"collection":[{"href":"https:\/\/nazarenonews.com.br\/index.php\/wp-json\/wp\/v2\/posts"}],"about":[{"href":"https:\/\/nazarenonews.com.br\/index.php\/wp-json\/wp\/v2\/types\/post"}],"author":[{"embeddable":true,"href":"https:\/\/nazarenonews.com.br\/index.php\/wp-json\/wp\/v2\/users\/2"}],"replies":[{"embeddable":true,"href":"https:\/\/nazarenonews.com.br\/index.php\/wp-json\/wp\/v2\/comments?post=20961"}],"version-history":[{"count":1,"href":"https:\/\/nazarenonews.com.br\/index.php\/wp-json\/wp\/v2\/posts\/20961\/revisions"}],"predecessor-version":[{"id":20963,"href":"https:\/\/nazarenonews.com.br\/index.php\/wp-json\/wp\/v2\/posts\/20961\/revisions\/20963"}],"wp:featuredmedia":[{"embeddable":true,"href":"https:\/\/nazarenonews.com.br\/index.php\/wp-json\/wp\/v2\/media\/20962"}],"wp:attachment":[{"href":"https:\/\/nazarenonews.com.br\/index.php\/wp-json\/wp\/v2\/media?parent=20961"}],"wp:term":[{"taxonomy":"category","embeddable":true,"href":"https:\/\/nazarenonews.com.br\/index.php\/wp-json\/wp\/v2\/categories?post=20961"},{"taxonomy":"post_tag","embeddable":true,"href":"https:\/\/nazarenonews.com.br\/index.php\/wp-json\/wp\/v2\/tags?post=20961"}],"curies":[{"name":"wp","href":"https:\/\/api.w.org\/{rel}","templated":true}]}}