{"id":20957,"date":"2026-03-12T15:35:46","date_gmt":"2026-03-12T19:35:46","guid":{"rendered":"https:\/\/nazarenonews.com.br\/?p=20957"},"modified":"2026-03-12T15:35:47","modified_gmt":"2026-03-12T19:35:47","slug":"justica-determina-prazo-de-24-horas-para-obras-urgentes-em-predio-historico-apos-risco-de-desabamento-em-cuiaba","status":"publish","type":"post","link":"https:\/\/nazarenonews.com.br\/index.php\/2026\/03\/12\/justica-determina-prazo-de-24-horas-para-obras-urgentes-em-predio-historico-apos-risco-de-desabamento-em-cuiaba\/","title":{"rendered":"Justi\u00e7a determina prazo de 24 horas para obras urgentes em pr\u00e9dio hist\u00f3rico ap\u00f3s risco de desabamento em Cuiab\u00e1"},"content":{"rendered":"\n<p>A Justi\u00e7a de Mato Grosso determinou que a Prefeitura de&nbsp;<a class=\"\" href=\"https:\/\/g1.globo.com\/mt\/mato-grosso\/cidade\/cuiaba\/\">Cuiab\u00e1<\/a>&nbsp;realize,&nbsp;em at\u00e9 24 horas, obras emergenciais no pr\u00e9dio tombado&nbsp;da antiga Gr\u00e1fica Pepe, localizado no Centro Hist\u00f3rico da capital, ap\u00f3s novos desabamentos parciais da estrutura.<\/p>\n\n\n\n<p>A decis\u00e3o \u00e9 do juiz da Vara Especializada do Meio Ambiente, Emerson Lu\u00eds Pereira Cajango, em a\u00e7\u00e3o movida pelo Minist\u00e9rio P\u00fablico.<\/p>\n\n\n\n<p>Em nota a prefeitura informou que ir\u00e1 analisar a decis\u00e3o judicial, e que se trata de uma situa\u00e7\u00e3o complexa, que envolve um im\u00f3vel localizado em \u00e1rea de interesse hist\u00f3rico.<\/p>\n\n\n\n<p>&#8220;A partir dessa an\u00e1lise t\u00e9cnica e jur\u00eddica, dever\u00e3o ser adotadas as provid\u00eancias necess\u00e1rias, em articula\u00e7\u00e3o com os \u00f3rg\u00e3os competentes do Munic\u00edpio, incluindo Defesa Civil e demais setores envolvidos, sempre respeitando os par\u00e2metros legais e as diretrizes de prote\u00e7\u00e3o ao patrim\u00f4nio&#8221;, diz trecho da nota.<\/p>\n\n\n\n<p>Com o risco de desabamento, o pr\u00e9dio vizinho onde \u00e9 localizado o&nbsp;<a class=\"\" href=\"https:\/\/g1.globo.com\/mt\/mato-grosso\/noticia\/2026\/03\/09\/museu-da-imagem-e-do-som-e-fechado-por-tempo-indeterminado-apos-desabamento-de-imovel-vizinho-em-cuiaba.ghtml\">Museu da Imagem e do Som de Cuiab\u00e1 (Misc) precisou ser fechado nesta segunda-feira (9)<\/a>. A medida foi adotada devido ao risco representado pelas estrutura e foi recomendada pelo Instituto do Patrim\u00f4nio Hist\u00f3rico e Art\u00edstico Nacional (Iphan).<\/p>\n\n\n\n<p>Em trecho da decis\u00e3o, o magistrado destacou que a situa\u00e7\u00e3o coloca em risco n\u00e3o apenas o que resta do patrim\u00f4nio hist\u00f3rico tombado, mas tamb\u00e9m a integridade f\u00edsica de pedestres, moradores da regi\u00e3o e frequentadores do Misc.<\/p>\n\n\n\n<p><strong>\u201cO im\u00f3vel est\u00e1, literalmente, desabando\u201d, afirmou o juiz na decis\u00e3o.<\/strong><\/p>\n\n\n\n<p>Diante da situa\u00e7\u00e3o, Cajango determinou a realiza\u00e7\u00e3o imediata de escoramento da estrutura, o isolamento da \u00e1rea e, caso haja recomenda\u00e7\u00e3o t\u00e9cnica, o desmonte controlado das partes com risco de queda.<\/p>\n\n\n\n<p>O magistrado tamb\u00e9m fixou multa di\u00e1ria de R$ 10 mil em caso de descumprimento, limitada inicialmente a R$ 500 mil.<\/p>\n\n\n\n<p>Al\u00e9m disso, foi determinada a verifica\u00e7\u00e3o sobre o in\u00edcio das interven\u00e7\u00f5es por parte da prefeitura, bem como a intima\u00e7\u00e3o pessoal do prefeito de Cuiab\u00e1 e do secret\u00e1rio municipal de Obras sobre o teor da decis\u00e3o.<\/p>\n\n\n\n<p>O munic\u00edpio ainda dever\u00e1 apresentar, no prazo de 48 horas, um relat\u00f3rio com registros fotogr\u00e1ficos que comprovem as medidas adotadas no local.<\/p>\n\n\n\n<p>g1-MT<\/p>\n","protected":false},"excerpt":{"rendered":"<p>A Justi\u00e7a de Mato Grosso determinou que a Prefeitura de&nbsp;Cuiab\u00e1&nbsp;realize,&nbsp;em at\u00e9 24 horas, obras emergenciais no pr\u00e9dio tombado&nbsp;da antiga Gr\u00e1fica Pepe, localizado no Centro Hist\u00f3rico da capital, ap\u00f3s novos desabamentos parciais da estrutura. A decis\u00e3o \u00e9 do juiz da Vara Especializada do Meio Ambiente, Emerson Lu\u00eds Pereira Cajango, em a\u00e7\u00e3o movida pelo Minist\u00e9rio P\u00fablico. Em [&hellip;]<\/p>\n","protected":false},"author":2,"featured_media":20958,"comment_status":"closed","ping_status":"closed","sticky":false,"template":"","format":"standard","meta":{"_monsterinsights_skip_tracking":false,"_monsterinsights_sitenote_active":false,"_monsterinsights_sitenote_note":"","_monsterinsights_sitenote_category":0,"footnotes":""},"categories":[1],"tags":[],"_links":{"self":[{"href":"https:\/\/nazarenonews.com.br\/index.php\/wp-json\/wp\/v2\/posts\/20957"}],"collection":[{"href":"https:\/\/nazarenonews.com.br\/index.php\/wp-json\/wp\/v2\/posts"}],"about":[{"href":"https:\/\/nazarenonews.com.br\/index.php\/wp-json\/wp\/v2\/types\/post"}],"author":[{"embeddable":true,"href":"https:\/\/nazarenonews.com.br\/index.php\/wp-json\/wp\/v2\/users\/2"}],"replies":[{"embeddable":true,"href":"https:\/\/nazarenonews.com.br\/index.php\/wp-json\/wp\/v2\/comments?post=20957"}],"version-history":[{"count":1,"href":"https:\/\/nazarenonews.com.br\/index.php\/wp-json\/wp\/v2\/posts\/20957\/revisions"}],"predecessor-version":[{"id":20959,"href":"https:\/\/nazarenonews.com.br\/index.php\/wp-json\/wp\/v2\/posts\/20957\/revisions\/20959"}],"wp:featuredmedia":[{"embeddable":true,"href":"https:\/\/nazarenonews.com.br\/index.php\/wp-json\/wp\/v2\/media\/20958"}],"wp:attachment":[{"href":"https:\/\/nazarenonews.com.br\/index.php\/wp-json\/wp\/v2\/media?parent=20957"}],"wp:term":[{"taxonomy":"category","embeddable":true,"href":"https:\/\/nazarenonews.com.br\/index.php\/wp-json\/wp\/v2\/categories?post=20957"},{"taxonomy":"post_tag","embeddable":true,"href":"https:\/\/nazarenonews.com.br\/index.php\/wp-json\/wp\/v2\/tags?post=20957"}],"curies":[{"name":"wp","href":"https:\/\/api.w.org\/{rel}","templated":true}]}}