{"id":20929,"date":"2026-03-12T06:48:55","date_gmt":"2026-03-12T10:48:55","guid":{"rendered":"https:\/\/nazarenonews.com.br\/?p=20929"},"modified":"2026-03-12T06:48:55","modified_gmt":"2026-03-12T10:48:55","slug":"aeronave-de-taxi-aereo-tomba-ao-tentar-buscar-paciente-do-sus-em-mato-grosso","status":"publish","type":"post","link":"https:\/\/nazarenonews.com.br\/index.php\/2026\/03\/12\/aeronave-de-taxi-aereo-tomba-ao-tentar-buscar-paciente-do-sus-em-mato-grosso\/","title":{"rendered":"Aeronave de t\u00e1xi a\u00e9reo tomba ao tentar buscar paciente do SUS em Mato Grosso"},"content":{"rendered":"\n<p>Um avi\u00e3o de pequeno porte, modelo OS-HEV, saiu da pista e capotou na tarde de hoje (11) durante o procedimento de pouso no munic\u00edpio de Nova Bandeirantes (a 997 km de Cuiab\u00e1). A aeronave pertence \u00e0 empresa Abelha T\u00e1xi A\u00e9reo e estava em miss\u00e3o para realizar o transporte de um paciente do Sistema \u00danico de Sa\u00fade (SUS).<\/p>\n\n\n\n<p>A bordo estavam quatro pessoas: um m\u00e9dico, uma enfermeira, o piloto e o copiloto. Imagens registradas logo ap\u00f3s o acidente mostram o avi\u00e3o tombado de cabe\u00e7a para baixo em uma \u00e1rea de vegeta\u00e7\u00e3o ao lado da pista. Devido ao risco de explos\u00e3o, j\u00e1 que os tanques ainda continham combust\u00edvel, a aeronave precisou ser manuseada com cautela para ser desvirada.<\/p>\n\n\n\n<p>Em nota oficial, a Abelha T\u00e1xi A\u00e9reo informou que, apesar da gravidade visual do acidente, ningu\u00e9m ficou ferido. A empresa, que possui 38 anos de atua\u00e7\u00e3o no mercado, destacou que apenas danos materiais foram registrados e que est\u00e1 prestando assist\u00eancia aos envolvidos.<\/p>\n\n\n\n<p>\u201c<em><strong>A Abelha T\u00e1xi A\u00e9reo reafirma seu compromisso com a seguran\u00e7a de seus colaboradores, parceiros e passageiros. Todas as medidas necess\u00e1rias est\u00e3o sendo adotadas, e a empresa est\u00e1 prestando toda a assist\u00eancia cab\u00edvel aos envolvidos<\/strong><\/em>\u201d, diz trecho da manifesta\u00e7\u00e3o. As causas que levaram o piloto a perder o controle da aeronave durante o pouso ainda ser\u00e3o apuradas pelos \u00f3rg\u00e3os de controle a\u00e9reo.<\/p>\n\n\n\n<p>Rep\u00f3rter MT<\/p>\n","protected":false},"excerpt":{"rendered":"<p>Um avi\u00e3o de pequeno porte, modelo OS-HEV, saiu da pista e capotou na tarde de hoje (11) durante o procedimento de pouso no munic\u00edpio de Nova Bandeirantes (a 997 km de Cuiab\u00e1). A aeronave pertence \u00e0 empresa Abelha T\u00e1xi A\u00e9reo e estava em miss\u00e3o para realizar o transporte de um paciente do Sistema \u00danico de [&hellip;]<\/p>\n","protected":false},"author":2,"featured_media":20930,"comment_status":"closed","ping_status":"closed","sticky":false,"template":"","format":"standard","meta":{"_monsterinsights_skip_tracking":false,"_monsterinsights_sitenote_active":false,"_monsterinsights_sitenote_note":"","_monsterinsights_sitenote_category":0,"footnotes":""},"categories":[51,1],"tags":[],"_links":{"self":[{"href":"https:\/\/nazarenonews.com.br\/index.php\/wp-json\/wp\/v2\/posts\/20929"}],"collection":[{"href":"https:\/\/nazarenonews.com.br\/index.php\/wp-json\/wp\/v2\/posts"}],"about":[{"href":"https:\/\/nazarenonews.com.br\/index.php\/wp-json\/wp\/v2\/types\/post"}],"author":[{"embeddable":true,"href":"https:\/\/nazarenonews.com.br\/index.php\/wp-json\/wp\/v2\/users\/2"}],"replies":[{"embeddable":true,"href":"https:\/\/nazarenonews.com.br\/index.php\/wp-json\/wp\/v2\/comments?post=20929"}],"version-history":[{"count":1,"href":"https:\/\/nazarenonews.com.br\/index.php\/wp-json\/wp\/v2\/posts\/20929\/revisions"}],"predecessor-version":[{"id":20931,"href":"https:\/\/nazarenonews.com.br\/index.php\/wp-json\/wp\/v2\/posts\/20929\/revisions\/20931"}],"wp:featuredmedia":[{"embeddable":true,"href":"https:\/\/nazarenonews.com.br\/index.php\/wp-json\/wp\/v2\/media\/20930"}],"wp:attachment":[{"href":"https:\/\/nazarenonews.com.br\/index.php\/wp-json\/wp\/v2\/media?parent=20929"}],"wp:term":[{"taxonomy":"category","embeddable":true,"href":"https:\/\/nazarenonews.com.br\/index.php\/wp-json\/wp\/v2\/categories?post=20929"},{"taxonomy":"post_tag","embeddable":true,"href":"https:\/\/nazarenonews.com.br\/index.php\/wp-json\/wp\/v2\/tags?post=20929"}],"curies":[{"name":"wp","href":"https:\/\/api.w.org\/{rel}","templated":true}]}}