{"id":20926,"date":"2026-03-11T17:13:04","date_gmt":"2026-03-11T21:13:04","guid":{"rendered":"https:\/\/nazarenonews.com.br\/?p=20926"},"modified":"2026-03-11T17:13:05","modified_gmt":"2026-03-11T21:13:05","slug":"carro-de-r-1-milhao-ligado-a-chefe-de-faccao-de-mt-que-integra-lista-vermelha-de-foragidos-e-apreendido","status":"publish","type":"post","link":"https:\/\/nazarenonews.com.br\/index.php\/2026\/03\/11\/carro-de-r-1-milhao-ligado-a-chefe-de-faccao-de-mt-que-integra-lista-vermelha-de-foragidos-e-apreendido\/","title":{"rendered":"Carro de R$ 1 milh\u00e3o ligado a chefe de fac\u00e7\u00e3o de MT que integra &#8216;lista vermelha&#8217; de foragidos \u00e9 apreendido"},"content":{"rendered":"\n<p>Um carro&nbsp;de luxo avaliado em cerca de R$ 1 milh\u00e3o, ligado a&nbsp;<strong>Gilmar Reis da Silva<\/strong>, conhecido como&nbsp;<strong>\u201cVov\u00f3zona\u201d<\/strong>, foi apreendido nesta ter\u00e7a-feira (10) em Campo Grande (MS). Ele \u00e9 apontado pela pol\u00edcia como uma das lideran\u00e7as de uma fac\u00e7\u00e3o criminosa que atua na regi\u00e3o de&nbsp;<a class=\"\" href=\"https:\/\/g1.globo.com\/mt\/mato-grosso\/cidade\/rondonopolis\/\">Rondon\u00f3polis<\/a>&nbsp;a 215 km de Cuiab\u00e1. Gilmar integra a&nbsp;<a class=\"\" href=\"https:\/\/g1.globo.com\/mt\/mato-grosso\/noticia\/2025\/12\/09\/mt-tem-8-nomes-na-lista-vermelha-dos-criminosos-mais-perigosos-do-pais.ghtml\">&#8220;lista vermelha&#8221;de criminosos mais perigosos do pa\u00eds&nbsp;<\/a>e esta foragido.<\/p>\n\n\n\n<p>De acordo com a investiga\u00e7\u00e3o, o\u00a0ve\u00edculo estava registrado no nome da esposa de \u201cVov\u00f3zona\u201d,\u00a0que tamb\u00e9m \u00e9 suspeita de participar do esquema de lavagem de dinheiro e oculta\u00e7\u00e3o de patrim\u00f4nio da organiza\u00e7\u00e3o criminosa.<\/p>\n\n\n\n<p>A apreens\u00e3o ocorreu em cumprimento a uma medida de sequestro de bens expedida pelo N\u00facleo de Justi\u00e7a 4.0 do Ju\u00edzo de Garantias do Polo de Rondon\u00f3polis. A ordem faz parte das investiga\u00e7\u00f5es da Opera\u00e7\u00e3o Imperium, realizada em fevereiro pela Ger\u00eancia de Combate ao Crime Organizado (GCCO) e pela Delegacia Especializada de Repress\u00e3o ao Crime Organizado (Draco), em Cuiab\u00e1.<\/p>\n\n\n\n<h2 class=\"wp-block-heading\">Esquema de lavagem de dinheiro<\/h2>\n\n\n\n<p>Segundo a Pol\u00edcia Civil, a&nbsp;<a class=\"\" href=\"https:\/\/g1.globo.com\/mt\/mato-grosso\/noticia\/2026\/02\/10\/operacao-contra-faccao-prende-12-suspeitos-de-lavagem-de-dinheiro-em-mt-e-outros-3-estados.ghtml\">Opera\u00e7\u00e3o Imperium<\/a>&nbsp;mirou o n\u00facleo financeiro da fac\u00e7\u00e3o, respons\u00e1vel por movimentar e esconder recursos obtidos em atividades ilegais.<\/p>\n\n\n\n<p>As investiga\u00e7\u00f5es apontam que, ap\u00f3s a fuga do l\u00edder, a esposa e pessoas pr\u00f3ximas passaram a usar documentos falsos para abrir contas banc\u00e1rias e registrar empresas de fachada.&nbsp;O objetivo era ocultar a origem do dinheiro, movimentar valores il\u00edcitos e adquirir bens de alto valor, como im\u00f3veis e ve\u00edculos de luxo.<\/p>\n\n\n\n<p>Ainda conforme a pol\u00edcia, empresas registradas em Rondon\u00f3polis recebiam dinheiro de integrantes da fac\u00e7\u00e3o e reinseriam esses valores no mercado por meio da compra de bens e do repasse de lucros a outros membros do grupo.<\/p>\n\n\n\n<h2 class=\"wp-block-heading\">A fuga<\/h2>\n\n\n\n<p>Gilmar Reis da Silva&nbsp;<a class=\"\" href=\"https:\/\/g1.globo.com\/mt\/mato-grosso\/noticia\/2025\/04\/14\/quem-sao-detentos-que-tiveram-ajuda-de-policiais-para-fugir-de-presidio-em-mt.ghtml\">est\u00e1 foragido desde julho de 2023<\/a>, quando fugiu do Centro de Ressocializa\u00e7\u00e3o Industrial Ahmenon Lemos Dantas, em V\u00e1rzea Grande, na regi\u00e3o metropolitana de Cuiab\u00e1. Ele n\u00e3o retornou \u00e0 unidade prisional ap\u00f3s uma sa\u00edda autorizada.<\/p>\n\n\n\n<p>Durante a fuga, segundo as investiga\u00e7\u00f5es, o criminoso chegou a almo\u00e7ar em uma churrascaria na Avenida Miguel Sutil, em Cuiab\u00e1, acompanhado de outro detento e duas mulheres. Ap\u00f3s a refei\u00e7\u00e3o, ele deixou o local em uma caminhonete.<\/p>\n\n\n\n<p>A Pol\u00edcia Civil segue investigando o caso e tenta localizar o suspeito.<\/p>\n\n\n\n<p>g1-MT<\/p>\n","protected":false},"excerpt":{"rendered":"<p>Um carro&nbsp;de luxo avaliado em cerca de R$ 1 milh\u00e3o, ligado a&nbsp;Gilmar Reis da Silva, conhecido como&nbsp;\u201cVov\u00f3zona\u201d, foi apreendido nesta ter\u00e7a-feira (10) em Campo Grande (MS). Ele \u00e9 apontado pela pol\u00edcia como uma das lideran\u00e7as de uma fac\u00e7\u00e3o criminosa que atua na regi\u00e3o de&nbsp;Rondon\u00f3polis&nbsp;a 215 km de Cuiab\u00e1. Gilmar integra a&nbsp;&#8220;lista vermelha&#8221;de criminosos mais perigosos [&hellip;]<\/p>\n","protected":false},"author":2,"featured_media":20927,"comment_status":"closed","ping_status":"closed","sticky":false,"template":"","format":"standard","meta":{"_monsterinsights_skip_tracking":false,"_monsterinsights_sitenote_active":false,"_monsterinsights_sitenote_note":"","_monsterinsights_sitenote_category":0,"footnotes":""},"categories":[1],"tags":[],"_links":{"self":[{"href":"https:\/\/nazarenonews.com.br\/index.php\/wp-json\/wp\/v2\/posts\/20926"}],"collection":[{"href":"https:\/\/nazarenonews.com.br\/index.php\/wp-json\/wp\/v2\/posts"}],"about":[{"href":"https:\/\/nazarenonews.com.br\/index.php\/wp-json\/wp\/v2\/types\/post"}],"author":[{"embeddable":true,"href":"https:\/\/nazarenonews.com.br\/index.php\/wp-json\/wp\/v2\/users\/2"}],"replies":[{"embeddable":true,"href":"https:\/\/nazarenonews.com.br\/index.php\/wp-json\/wp\/v2\/comments?post=20926"}],"version-history":[{"count":1,"href":"https:\/\/nazarenonews.com.br\/index.php\/wp-json\/wp\/v2\/posts\/20926\/revisions"}],"predecessor-version":[{"id":20928,"href":"https:\/\/nazarenonews.com.br\/index.php\/wp-json\/wp\/v2\/posts\/20926\/revisions\/20928"}],"wp:featuredmedia":[{"embeddable":true,"href":"https:\/\/nazarenonews.com.br\/index.php\/wp-json\/wp\/v2\/media\/20927"}],"wp:attachment":[{"href":"https:\/\/nazarenonews.com.br\/index.php\/wp-json\/wp\/v2\/media?parent=20926"}],"wp:term":[{"taxonomy":"category","embeddable":true,"href":"https:\/\/nazarenonews.com.br\/index.php\/wp-json\/wp\/v2\/categories?post=20926"},{"taxonomy":"post_tag","embeddable":true,"href":"https:\/\/nazarenonews.com.br\/index.php\/wp-json\/wp\/v2\/tags?post=20926"}],"curies":[{"name":"wp","href":"https:\/\/api.w.org\/{rel}","templated":true}]}}