{"id":20920,"date":"2026-03-11T17:03:36","date_gmt":"2026-03-11T21:03:36","guid":{"rendered":"https:\/\/nazarenonews.com.br\/?p=20920"},"modified":"2026-03-11T17:03:37","modified_gmt":"2026-03-11T21:03:37","slug":"tj-ve-negligencia-e-expulsa-capitao-do-corpo-de-bombeiros-de-mt","status":"publish","type":"post","link":"https:\/\/nazarenonews.com.br\/index.php\/2026\/03\/11\/tj-ve-negligencia-e-expulsa-capitao-do-corpo-de-bombeiros-de-mt\/","title":{"rendered":"TJ v\u00ea &#8220;neglig\u00eancia&#8221; e expulsa capit\u00e3o do Corpo de Bombeiros de MT"},"content":{"rendered":"\n<p>\u00a0A Turma de C\u00e2maras Criminais Reunidas do Tribunal de Justi\u00e7a de Mato Grosso (TJ-MT) decidiu, por unanimidade, pela perda do posto e da patente do capit\u00e3o Corpo de Bombeiros, Daniel Alves de Moura e Silva, que responde pela morte do aluno-soldado Lucas Veloso Peres, de 27 anos, em Cuiab\u00e1.<\/p>\n\n\n\n<p>O processo administrativo foi encaminhado ao Tribunal de Justi\u00e7a ap\u00f3s pedido do governador Mauro Mendes (Uni\u00e3o), com base em manifesta\u00e7\u00e3o da Procuradoria-Geral do Estado (PGE), que acolheu relat\u00f3rio do Conselho de Justifica\u00e7\u00e3o, o qual concluiu pela aus\u00eancia de condi\u00e7\u00f5es de o oficial permanecer nos quadros do Corpo de Bombeiros.<\/p>\n\n\n\n<p>Lucas morreu no dia 27 de fevereiro de 2024, ap\u00f3s um treinamento de salvamento aqu\u00e1tico realizado na Lagoa Trevisan, na Capital.<\/p>\n\n\n\n<p>Daniel era o instrutor do curso e capit\u00e3o respons\u00e1vel por supervisionar Lucas no momento do treinamento.<\/p>\n\n\n\n<p>Ap\u00f3s a investiga\u00e7\u00e3o policial, colegas de Lucas afirmaram em depoimento que ele apresentava dificuldades para respirar desde o in\u00edcio das atividades daquele dia.<\/p>\n\n\n\n<p>Contudo, mesmo diante da situa\u00e7\u00e3o, Daniel teria determinado que Lucas retirasse o life belt \u2014 equipamento de flutua\u00e7\u00e3o \u2014 e dispensado a presen\u00e7a dos demais alunos.<\/p>\n\n\n\n<p>No TJ, a defesa de Daniel, no entanto, alegou que a morte do estudante ocorreu devido a problemas de sa\u00fade preexistentes, que o tornariam inapto para a atividade militar, e pediu a suspens\u00e3o do processo administrativo at\u00e9 a finaliza\u00e7\u00e3o da apura\u00e7\u00e3o e eventual condena\u00e7\u00e3o no caso.<\/p>\n\n\n\n<p>Segundo decis\u00e3o de relatoria do juiz convocado Valter Fabricio Simioni da Silva,&nbsp;Daniel foi imprudente ao negligenciar e ignorar o estado de exaust\u00e3o de Lucas durante o treinamento, ao solicitar que ele retirasse os equipamentos de seguran\u00e7a.<\/p>\n\n\n\n<p>\u201cN\u00e3o h\u00e1 d\u00favidas de que a v\u00edtima se encontrava sob a autoridade, guarda e responsabilidade do capit\u00e3o Daniel Alves, que deveria agir adequada e tempestivamente para evitar o resultado morte. A pr\u00e9-exist\u00eancia de eventual condi\u00e7\u00e3o de sa\u00fade do ex-aluno n\u00e3o concederia ao instrutor uma licen\u00e7a para ser negligente; ao contr\u00e1rio, agrava ainda mais seu dever de cuidado diante da vulnerabilidade do seu subordinado\u201d, diz trecho da decis\u00e3o.<\/p>\n\n\n\n<p>\u201cO conjunto probat\u00f3rio amealhado na esfera administrativa \u00e9 robusto e suficiente para demonstrar, para al\u00e9m de qualquer d\u00favida razo\u00e1vel no \u00e2mbito disciplinar, a configura\u00e7\u00e3o das graves faltas funcionais\u201d<\/p>\n\n\n\n<p>Com a decis\u00e3o favor\u00e1vel \u00e0 perda da patente de Daniel, o governador Mauro Mendes ser\u00e1 notificado para cumprir a medida e exonerar o ex-capit\u00e3o.<\/p>\n\n\n\n<p>Midianews <\/p>\n","protected":false},"excerpt":{"rendered":"<p>\u00a0A Turma de C\u00e2maras Criminais Reunidas do Tribunal de Justi\u00e7a de Mato Grosso (TJ-MT) decidiu, por unanimidade, pela perda do posto e da patente do capit\u00e3o Corpo de Bombeiros, Daniel Alves de Moura e Silva, que responde pela morte do aluno-soldado Lucas Veloso Peres, de 27 anos, em Cuiab\u00e1. O processo administrativo foi encaminhado ao [&hellip;]<\/p>\n","protected":false},"author":2,"featured_media":20921,"comment_status":"closed","ping_status":"closed","sticky":false,"template":"","format":"standard","meta":{"_monsterinsights_skip_tracking":false,"_monsterinsights_sitenote_active":false,"_monsterinsights_sitenote_note":"","_monsterinsights_sitenote_category":0,"footnotes":""},"categories":[1],"tags":[],"_links":{"self":[{"href":"https:\/\/nazarenonews.com.br\/index.php\/wp-json\/wp\/v2\/posts\/20920"}],"collection":[{"href":"https:\/\/nazarenonews.com.br\/index.php\/wp-json\/wp\/v2\/posts"}],"about":[{"href":"https:\/\/nazarenonews.com.br\/index.php\/wp-json\/wp\/v2\/types\/post"}],"author":[{"embeddable":true,"href":"https:\/\/nazarenonews.com.br\/index.php\/wp-json\/wp\/v2\/users\/2"}],"replies":[{"embeddable":true,"href":"https:\/\/nazarenonews.com.br\/index.php\/wp-json\/wp\/v2\/comments?post=20920"}],"version-history":[{"count":1,"href":"https:\/\/nazarenonews.com.br\/index.php\/wp-json\/wp\/v2\/posts\/20920\/revisions"}],"predecessor-version":[{"id":20922,"href":"https:\/\/nazarenonews.com.br\/index.php\/wp-json\/wp\/v2\/posts\/20920\/revisions\/20922"}],"wp:featuredmedia":[{"embeddable":true,"href":"https:\/\/nazarenonews.com.br\/index.php\/wp-json\/wp\/v2\/media\/20921"}],"wp:attachment":[{"href":"https:\/\/nazarenonews.com.br\/index.php\/wp-json\/wp\/v2\/media?parent=20920"}],"wp:term":[{"taxonomy":"category","embeddable":true,"href":"https:\/\/nazarenonews.com.br\/index.php\/wp-json\/wp\/v2\/categories?post=20920"},{"taxonomy":"post_tag","embeddable":true,"href":"https:\/\/nazarenonews.com.br\/index.php\/wp-json\/wp\/v2\/tags?post=20920"}],"curies":[{"name":"wp","href":"https:\/\/api.w.org\/{rel}","templated":true}]}}