{"id":20911,"date":"2026-03-11T07:00:45","date_gmt":"2026-03-11T11:00:45","guid":{"rendered":"https:\/\/nazarenonews.com.br\/?p=20911"},"modified":"2026-03-11T07:33:06","modified_gmt":"2026-03-11T11:33:06","slug":"governo-analisa-nova-proposta-para-construcao-de-tunel-no-portao-do-inferno-apos-debate-ambiental-em-mt","status":"publish","type":"post","link":"https:\/\/nazarenonews.com.br\/index.php\/2026\/03\/11\/governo-analisa-nova-proposta-para-construcao-de-tunel-no-portao-do-inferno-apos-debate-ambiental-em-mt\/","title":{"rendered":"Governo analisa nova proposta para constru\u00e7\u00e3o de t\u00fanel no Port\u00e3o do Inferno ap\u00f3s debate ambiental em MT"},"content":{"rendered":"\n<p>A Secretaria Estadual de Infraestrutura e Log\u00edstica (Sinfra-MT) informou que est\u00e1 analisando a proposta apresentada na licita\u00e7\u00e3o para a&nbsp;constru\u00e7\u00e3o de um t\u00fanel na regi\u00e3o do Port\u00e3o do Inferno, na MT-251,&nbsp;rodovia que liga Cuiab\u00e1 a&nbsp;<a class=\"\" href=\"https:\/\/g1.globo.com\/mt\/mato-grosso\/cidade\/chapada-dos-guimaraes\/\">Chapada dos Guimar\u00e3es<\/a>. A sess\u00e3o p\u00fablica da licita\u00e7\u00e3o foi realizada na segunda-feira (9).<\/p>\n\n\n\n<p>A proposta foi apresentada pelo Cons\u00f3rcio TB-ETEL, formado pelas empresas&nbsp;<strong>Toniolo<\/strong>,&nbsp;<strong>Busnello&nbsp;<\/strong>e&nbsp;<strong>Etel Estudos T\u00e9cnicos.<\/strong>&nbsp;As pr\u00f3ximas etapas incluem a habilita\u00e7\u00e3o das empresas e a an\u00e1lise dos valores apresentados. A contrata\u00e7\u00e3o ser\u00e1 feita no modelo integrado. Nesse formato, a empresa vencedora ficar\u00e1 respons\u00e1vel por elaborar os projetos b\u00e1sico e executivo, al\u00e9m de executar a obra.<\/p>\n\n\n\n<p>O projeto prev\u00ea a constru\u00e7\u00e3o de um&nbsp;t\u00fanel de 170 metros, com pista de concreto e acostamento.&nbsp;Segundo o governo do estado, a obra foi considerada a alternativa mais vantajosa para resolver os problemas na regi\u00e3o do Port\u00e3o do Inferno. Os&nbsp;<strong>valores apresentados n\u00e3o foram divulgados<\/strong>, no entanto,&nbsp;<strong>estima-se um investimento de cerca de R$ 54,8 milh\u00f5es<\/strong>.<\/p>\n\n\n\n<p><a class=\"\" href=\"https:\/\/www.whatsapp.com\/channel\/0029VaB8XsGGzzKTvyIITOJ1S\" target=\"_blank\" rel=\"noreferrer noopener\"><strong>\u2705 Clique aqui para seguir o canal do g1 MT no WhatsApp<\/strong><\/a><\/p>\n\n\n\n<p>Segundo o edital,&nbsp;o prazo para execu\u00e7\u00e3o das obras \u00e9 de 420 dias, contados a partir da assinatura da ordem de servi\u00e7o. J\u00e1 o prazo total do contrato est\u00e1 previsto em&nbsp;510 dias.&nbsp;De acordo com a secretaria, entre os crit\u00e9rios analisados est\u00e3o a seguran\u00e7a&nbsp;permanente da rodovia&nbsp;e o&nbsp;menor impacto ambiental e paisag\u00edstico&nbsp;na \u00e1rea.<\/p>\n\n\n\n<figure class=\"wp-block-image\"><img decoding=\"async\" src=\"https:\/\/s01.video.glbimg.com\/x240\/13717056.jpg\" alt=\"Obra de t\u00fanel no port\u00e3o do inferno precisa de nova libera\u00e7\u00e3o do Ibama\" title=\"Obra de t\u00fanel no port\u00e3o do inferno precisa de nova libera\u00e7\u00e3o do Ibama\" \/><\/figure>\n\n\n\n<p><a href=\"https:\/\/globoplay.globo.com\/categorias\/lollapalooza\/?origemId=1779&amp;utm_source=g1&amp;utm_medium=tapume&amp;utm_campaign=aq-org_g1_conteudo_up_perf_banner_web_tier2_live_lolla-24&amp;utm_content=banner&amp;utm_term=tapume-g1-assista\"><\/a><\/p>\n\n\n\n<figure class=\"wp-block-video\"><video muted poster=\"https:\/\/s01.video.glbimg.com\/x360\/13717056.jpg\" preload=\"none\" src=\"https:\/\/g1.globo.com\/2dc2e0cc-7605-4604-8eba-3da59c23b059\" playsinline><\/video><\/figure>\n\n\n\n<p>Obra de t\u00fanel no port\u00e3o do inferno precisa de nova libera\u00e7\u00e3o do Ibama<\/p>\n\n\n\n<h2 class=\"wp-block-heading\">Entenda o caso<\/h2>\n\n\n\n<p>Em junho de 2025, o Governo de Mato Grosso fez uma revis\u00e3o no projeto de&nbsp;<a class=\"\" href=\"https:\/\/g1.globo.com\/mt\/mato-grosso\/noticia\/2025\/06\/25\/projeto-de-obra-no-portao-do-inferno-em-mt-para-conter-desmoronamentos-passa-por-revisao-apos-riscos.ghtml\"><strong>retaludamento ap\u00f3s entidades ambientais e pesquisadores alertaram para os potenciais impactos<\/strong><\/a>&nbsp;ecol\u00f3gicos e incertezas t\u00e9cnicas do plano. Quatro meses depois, foi anunciada a constru\u00e7\u00e3o de um t\u00fanel como alternativa na obra.<\/p>\n\n\n\n<p>Ainda em novembro, o governo publicou um&nbsp;<a class=\"\" href=\"https:\/\/g1.globo.com\/mt\/mato-grosso\/noticia\/2025\/11\/28\/mt-abre-licitacao-para-tunel-como-solucao-para-o-portao-do-inferno.ghtml\"><strong>edital de licita\u00e7\u00e3o para contratar a empresa respons\u00e1vel por elaborar o projeto b\u00e1sico<\/strong><\/a>. As empresas interessadas t\u00eam at\u00e9 mar\u00e7o deste ano para enviar documentos de habilita\u00e7\u00e3o e propostas para o estado. Devido ao novo plano do governo, a a\u00e7\u00e3o levantada pelo MPF e MP-MT, segundo a decis\u00e3o da Justi\u00e7a Federal, perdeu seu objetivo.<\/p>\n\n\n\n<p>Em fevereiro deste ano, a Justi\u00e7a Federal encerrou a a\u00e7\u00e3o movida pelo Minist\u00e9rio P\u00fablico Federal (MPF) e pelo Minist\u00e9rio P\u00fablico de Mato Grosso (MP-MT) que pedia a suspens\u00e3o das obras de retaludamento.<\/p>\n\n\n\n<p>A decis\u00e3o coloca fim ao processo aberto em outubro de 2024 devido \u00e0s irregularidades encontradas nas obras, que consistiria na escava\u00e7\u00e3o e retirada de cerca de 180 mil metros c\u00fabicos rochas. Entre os problemas apontados estavam:<\/p>\n\n\n\n<ul>\n<li>aus\u00eancia de motiva\u00e7\u00e3o para aplica\u00e7\u00e3o do licenciamento simplificado;<\/li>\n\n\n\n<li>indevida classifica\u00e7\u00e3o de risco das obras de retaludamento;<\/li>\n\n\n\n<li>nulidade da Autoriza\u00e7\u00e3o para Licenciamento Ambiental;<\/li>\n\n\n\n<li>aus\u00eancia de consulta pr\u00e9via ao Instituto Nacional de Coloniza\u00e7\u00e3o e Reforma Agr\u00e1ria (Incra) quanto aos eventuais impactos das obras.<\/li>\n<\/ul>\n\n\n\n<p>g1-MT<\/p>\n","protected":false},"excerpt":{"rendered":"<p>A Secretaria Estadual de Infraestrutura e Log\u00edstica (Sinfra-MT) informou que est\u00e1 analisando a proposta apresentada na licita\u00e7\u00e3o para a&nbsp;constru\u00e7\u00e3o de um t\u00fanel na regi\u00e3o do Port\u00e3o do Inferno, na MT-251,&nbsp;rodovia que liga Cuiab\u00e1 a&nbsp;Chapada dos Guimar\u00e3es. A sess\u00e3o p\u00fablica da licita\u00e7\u00e3o foi realizada na segunda-feira (9). A proposta foi apresentada pelo Cons\u00f3rcio TB-ETEL, formado pelas [&hellip;]<\/p>\n","protected":false},"author":2,"featured_media":20914,"comment_status":"closed","ping_status":"closed","sticky":false,"template":"","format":"standard","meta":{"_monsterinsights_skip_tracking":false,"_monsterinsights_sitenote_active":false,"_monsterinsights_sitenote_note":"","_monsterinsights_sitenote_category":0,"footnotes":""},"categories":[36,1,48],"tags":[],"_links":{"self":[{"href":"https:\/\/nazarenonews.com.br\/index.php\/wp-json\/wp\/v2\/posts\/20911"}],"collection":[{"href":"https:\/\/nazarenonews.com.br\/index.php\/wp-json\/wp\/v2\/posts"}],"about":[{"href":"https:\/\/nazarenonews.com.br\/index.php\/wp-json\/wp\/v2\/types\/post"}],"author":[{"embeddable":true,"href":"https:\/\/nazarenonews.com.br\/index.php\/wp-json\/wp\/v2\/users\/2"}],"replies":[{"embeddable":true,"href":"https:\/\/nazarenonews.com.br\/index.php\/wp-json\/wp\/v2\/comments?post=20911"}],"version-history":[{"count":1,"href":"https:\/\/nazarenonews.com.br\/index.php\/wp-json\/wp\/v2\/posts\/20911\/revisions"}],"predecessor-version":[{"id":20913,"href":"https:\/\/nazarenonews.com.br\/index.php\/wp-json\/wp\/v2\/posts\/20911\/revisions\/20913"}],"wp:featuredmedia":[{"embeddable":true,"href":"https:\/\/nazarenonews.com.br\/index.php\/wp-json\/wp\/v2\/media\/20914"}],"wp:attachment":[{"href":"https:\/\/nazarenonews.com.br\/index.php\/wp-json\/wp\/v2\/media?parent=20911"}],"wp:term":[{"taxonomy":"category","embeddable":true,"href":"https:\/\/nazarenonews.com.br\/index.php\/wp-json\/wp\/v2\/categories?post=20911"},{"taxonomy":"post_tag","embeddable":true,"href":"https:\/\/nazarenonews.com.br\/index.php\/wp-json\/wp\/v2\/tags?post=20911"}],"curies":[{"name":"wp","href":"https:\/\/api.w.org\/{rel}","templated":true}]}}