{"id":20902,"date":"2026-03-11T06:54:33","date_gmt":"2026-03-11T10:54:33","guid":{"rendered":"https:\/\/nazarenonews.com.br\/?p=20902"},"modified":"2026-03-11T07:38:02","modified_gmt":"2026-03-11T11:38:02","slug":"reuniao-na-segunda-feira-deve-definir-futuro-da-santa-casa-de-cuiaba","status":"publish","type":"post","link":"https:\/\/nazarenonews.com.br\/index.php\/2026\/03\/11\/reuniao-na-segunda-feira-deve-definir-futuro-da-santa-casa-de-cuiaba\/","title":{"rendered":"Reuni\u00e3o na segunda-feira deve definir futuro da Santa Casa de Cuiab\u00e1"},"content":{"rendered":"\n<p>Uma reuni\u00e3o entre a Comiss\u00e3o de Credores, representantes da Santa Casa de Miseric\u00f3rdia de Cuiab\u00e1 e do Governo de Mato Grosso foi marcada para a pr\u00f3xima segunda-feira (16) para discutir a proposta de compra do im\u00f3vel apresentada pelo Executivo estadual por R$ 25 milh\u00f5es, pagos \u00e0 vista, com dep\u00f3sito em conta judicial vinculada ao processo.&nbsp;A unidade est\u00e1 sendo levada a leil\u00e3o judicial devido ao elevado passivo trabalhista acumulado pela institui\u00e7\u00e3o filantr\u00f3pica ao longo dos anos, que soma cerca de R$ 48 milh\u00f5es.<\/p>\n\n\n\n<p>O encontro foi determinado pela ju\u00edza do trabalho Eliane Xavier, a pedido da comiss\u00e3o, e ocorrer\u00e1 \u00e0s 9h30, na Coordenadoria de Apoio \u00e0 Efetividade da Execu\u00e7\u00e3o (Caex), no F\u00f3rum Trabalhista de Cuiab\u00e1. A manifesta\u00e7\u00e3o dos credores \u00e9 aguardada pela Justi\u00e7a do Trabalho para decidir os pr\u00f3ximos passos sobre o destino do im\u00f3vel.<\/p>\n\n\n\n<p>Desde o in\u00edcio do ano, esta \u00e9 a terceira proposta apresentada \u00e0 Justi\u00e7a do Trabalho. A primeira foi feita, em janeiro, pelo Instituto S\u00e3o Lucas, gestor do Hospital Regional Hilda Strenger Ribeiro, em Nova Mutum, que ofereceu R$ 20 milh\u00f5es, sendo R$ 15 milh\u00f5es \u00e0 vista e o restante parcelado em seis meses. J\u00e1 o Instituto Evangel\u00edstico S\u00e3o Marcos, com sede em Santos (SP), apresentou proposta de R$ 40 milh\u00f5es, com car\u00eancia de 12 meses para in\u00edcio dos pagamentos e parcelas mensais de R$ 500 mil.<\/p>\n\n\n\n<p>O im\u00f3vel da Santa Casa est\u00e1 localizado na Pra\u00e7a do Semin\u00e1rio, em Cuiab\u00e1, em um terreno de cerca de 22 mil metros quadrados, com aproximadamente 20 mil metros quadrados de \u00e1rea constru\u00edda. Parte da estrutura est\u00e1 sob requisi\u00e7\u00e3o administrativa do Governo do Estado desde 2019, quando a gest\u00e3o estadual assumiu bens m\u00f3veis e im\u00f3veis ligados \u00e0s atividades da institui\u00e7\u00e3o.<\/p>\n\n\n\n<p>Gazeta digital<\/p>\n","protected":false},"excerpt":{"rendered":"<p>Uma reuni\u00e3o entre a Comiss\u00e3o de Credores, representantes da Santa Casa de Miseric\u00f3rdia de Cuiab\u00e1 e do Governo de Mato Grosso foi marcada para a pr\u00f3xima segunda-feira (16) para discutir a proposta de compra do im\u00f3vel apresentada pelo Executivo estadual por R$ 25 milh\u00f5es, pagos \u00e0 vista, com dep\u00f3sito em conta judicial vinculada ao processo.&nbsp;A [&hellip;]<\/p>\n","protected":false},"author":2,"featured_media":20915,"comment_status":"closed","ping_status":"closed","sticky":false,"template":"","format":"standard","meta":{"_monsterinsights_skip_tracking":false,"_monsterinsights_sitenote_active":false,"_monsterinsights_sitenote_note":"","_monsterinsights_sitenote_category":0,"footnotes":""},"categories":[51,1,48],"tags":[],"_links":{"self":[{"href":"https:\/\/nazarenonews.com.br\/index.php\/wp-json\/wp\/v2\/posts\/20902"}],"collection":[{"href":"https:\/\/nazarenonews.com.br\/index.php\/wp-json\/wp\/v2\/posts"}],"about":[{"href":"https:\/\/nazarenonews.com.br\/index.php\/wp-json\/wp\/v2\/types\/post"}],"author":[{"embeddable":true,"href":"https:\/\/nazarenonews.com.br\/index.php\/wp-json\/wp\/v2\/users\/2"}],"replies":[{"embeddable":true,"href":"https:\/\/nazarenonews.com.br\/index.php\/wp-json\/wp\/v2\/comments?post=20902"}],"version-history":[{"count":1,"href":"https:\/\/nazarenonews.com.br\/index.php\/wp-json\/wp\/v2\/posts\/20902\/revisions"}],"predecessor-version":[{"id":20904,"href":"https:\/\/nazarenonews.com.br\/index.php\/wp-json\/wp\/v2\/posts\/20902\/revisions\/20904"}],"wp:featuredmedia":[{"embeddable":true,"href":"https:\/\/nazarenonews.com.br\/index.php\/wp-json\/wp\/v2\/media\/20915"}],"wp:attachment":[{"href":"https:\/\/nazarenonews.com.br\/index.php\/wp-json\/wp\/v2\/media?parent=20902"}],"wp:term":[{"taxonomy":"category","embeddable":true,"href":"https:\/\/nazarenonews.com.br\/index.php\/wp-json\/wp\/v2\/categories?post=20902"},{"taxonomy":"post_tag","embeddable":true,"href":"https:\/\/nazarenonews.com.br\/index.php\/wp-json\/wp\/v2\/tags?post=20902"}],"curies":[{"name":"wp","href":"https:\/\/api.w.org\/{rel}","templated":true}]}}