{"id":20893,"date":"2026-03-11T06:49:45","date_gmt":"2026-03-11T10:49:45","guid":{"rendered":"https:\/\/nazarenonews.com.br\/?p=20893"},"modified":"2026-03-11T06:49:46","modified_gmt":"2026-03-11T10:49:46","slug":"aprosoja-mt-alerta-para-explosao-nos-precos-de-alimentos-e-remedios-apos-alta-do-diesel","status":"publish","type":"post","link":"https:\/\/nazarenonews.com.br\/index.php\/2026\/03\/11\/aprosoja-mt-alerta-para-explosao-nos-precos-de-alimentos-e-remedios-apos-alta-do-diesel\/","title":{"rendered":"Aprosoja-MT alerta para &#8220;explos\u00e3o&#8221; nos pre\u00e7os de alimentos e rem\u00e9dios ap\u00f3s alta do diesel"},"content":{"rendered":"\n<p>A Associa\u00e7\u00e3o dos Produtores de Soja e Milho de Mato Grosso Associa\u00e7\u00e3o dos Produtores de Soja e Milho de Mato Grosso&nbsp;(Aprosoja-MT) emitiu uma nota oficial hoje (10) manifestando profunda preocupa\u00e7\u00e3o com a&nbsp;<a href=\"https:\/\/www.reportermt.com\/cidades\/guerra-faz-preco-do-diesel-explodir-em-cuiaba-gasolina-beira-r-660\/233863\" target=\"_blank\" rel=\"noreferrer noopener\">disparada no pre\u00e7o do \u00f3leo diesel<\/a>.<\/p>\n\n\n\n<p>A entidade levantou uma suspeita direta sobre a forma\u00e7\u00e3o de pre\u00e7os no pa\u00eds, afirmando que, embora existam varia\u00e7\u00f5es no mercado internacional (Petr\u00f3leo Brent), alguns elos da cadeia parecem se antecipar aos ajustes reais para ampliar margens de lucro, potencializando a press\u00e3o sobre o consumidor.<\/p>\n\n\n\n<p>Para a associa\u00e7\u00e3o, o momento \u00e9 de vulnerabilidade extrema. O setor j\u00e1 enfrenta juros altos, endividamento hist\u00f3rico e margens de lucro apertadas.<\/p>\n\n\n\n<p>A chegada de um novo aumento no combust\u00edvel, neste cen\u00e1rio, foi classificada pela entidade como uma \u201c<strong><em>fagulha em um quarto cheio de explosivos<\/em><\/strong>\u201d, com potencial para desestabilizar a produ\u00e7\u00e3o e a log\u00edstica nacional.<\/p>\n\n\n\n<p>A nota destaca que o diesel \u00e9 um insumo estrat\u00e9gico que movimenta desde as m\u00e1quinas no campo at\u00e9 o transporte rodovi\u00e1rio de produtos essenciais.<\/p>\n\n\n\n<p>Por isso, a Aprosoja-MT (Associa\u00e7\u00e3o dos Produtores de Soja e Milho de Mato Grosso) alerta que a conta do aumento chegar\u00e1 rapidamente \u00e0 mesa da popula\u00e7\u00e3o, encarecendo n\u00e3o apenas os alimentos, mas tamb\u00e9m medicamentos e outros itens b\u00e1sicos, gerando um forte impacto inflacion\u00e1rio em toda a economia brasileira.<\/p>\n\n\n\n<p>Um dos pontos centrais da cr\u00edtica \u00e9 a &#8220;fragilidade estrutural&#8221; do Brasil. Mesmo sendo um grande produtor de petr\u00f3leo, o pa\u00eds ainda depende da importa\u00e7\u00e3o de diesel, o que o deixa exposto a conflitos geopol\u00edticos globais.<\/p>\n\n\n\n<p>Como solu\u00e7\u00e3o estrat\u00e9gica, a Aprosoja-MT (Associa\u00e7\u00e3o dos Produtores de Soja e Milho de Mato Grosso) defende o fortalecimento da pol\u00edtica de biocombust\u00edveis, sugerindo que o Brasil avance para a mistura de 20% de biodiesel ao diesel (B20), utilizando a soja nacional para garantir seguran\u00e7a energ\u00e9tica.<\/p>\n\n\n\n<p><strong>Socorro tribut\u00e1rio<\/strong><\/p>\n\n\n\n<p>Diante do choque de pre\u00e7os, a entidade cobra celeridade e sensibilidade dos governos. A Aprosoja-MT (Associa\u00e7\u00e3o dos Produtores de Soja e Milho de Mato Grosso) defende a ado\u00e7\u00e3o de medidas emergenciais, citando como exemplo o que foi feito em 2022, quando tributos federais foram zerados e al\u00edquotas de ICMS (Imposto sobre Circula\u00e7\u00e3o de Mercadorias e Presta\u00e7\u00e3o de Servi\u00e7os) foram reduzidas pelos estados.<\/p>\n\n\n\n<p>A associa\u00e7\u00e3o refor\u00e7a que o Poder Executivo, tanto em n\u00edvel federal quanto estadual, precisa agir para proteger a competitividade do agro e a estabilidade econ\u00f4mica da sociedade.<\/p>\n\n\n\n<p>Rep\u00f3rter MT<\/p>\n","protected":false},"excerpt":{"rendered":"<p>A Associa\u00e7\u00e3o dos Produtores de Soja e Milho de Mato Grosso Associa\u00e7\u00e3o dos Produtores de Soja e Milho de Mato Grosso&nbsp;(Aprosoja-MT) emitiu uma nota oficial hoje (10) manifestando profunda preocupa\u00e7\u00e3o com a&nbsp;disparada no pre\u00e7o do \u00f3leo diesel. A entidade levantou uma suspeita direta sobre a forma\u00e7\u00e3o de pre\u00e7os no pa\u00eds, afirmando que, embora existam varia\u00e7\u00f5es [&hellip;]<\/p>\n","protected":false},"author":2,"featured_media":20894,"comment_status":"closed","ping_status":"closed","sticky":false,"template":"","format":"standard","meta":{"_monsterinsights_skip_tracking":false,"_monsterinsights_sitenote_active":false,"_monsterinsights_sitenote_note":"","_monsterinsights_sitenote_category":0,"footnotes":""},"categories":[1],"tags":[],"_links":{"self":[{"href":"https:\/\/nazarenonews.com.br\/index.php\/wp-json\/wp\/v2\/posts\/20893"}],"collection":[{"href":"https:\/\/nazarenonews.com.br\/index.php\/wp-json\/wp\/v2\/posts"}],"about":[{"href":"https:\/\/nazarenonews.com.br\/index.php\/wp-json\/wp\/v2\/types\/post"}],"author":[{"embeddable":true,"href":"https:\/\/nazarenonews.com.br\/index.php\/wp-json\/wp\/v2\/users\/2"}],"replies":[{"embeddable":true,"href":"https:\/\/nazarenonews.com.br\/index.php\/wp-json\/wp\/v2\/comments?post=20893"}],"version-history":[{"count":1,"href":"https:\/\/nazarenonews.com.br\/index.php\/wp-json\/wp\/v2\/posts\/20893\/revisions"}],"predecessor-version":[{"id":20895,"href":"https:\/\/nazarenonews.com.br\/index.php\/wp-json\/wp\/v2\/posts\/20893\/revisions\/20895"}],"wp:featuredmedia":[{"embeddable":true,"href":"https:\/\/nazarenonews.com.br\/index.php\/wp-json\/wp\/v2\/media\/20894"}],"wp:attachment":[{"href":"https:\/\/nazarenonews.com.br\/index.php\/wp-json\/wp\/v2\/media?parent=20893"}],"wp:term":[{"taxonomy":"category","embeddable":true,"href":"https:\/\/nazarenonews.com.br\/index.php\/wp-json\/wp\/v2\/categories?post=20893"},{"taxonomy":"post_tag","embeddable":true,"href":"https:\/\/nazarenonews.com.br\/index.php\/wp-json\/wp\/v2\/tags?post=20893"}],"curies":[{"name":"wp","href":"https:\/\/api.w.org\/{rel}","templated":true}]}}