{"id":20888,"date":"2026-03-10T15:05:40","date_gmt":"2026-03-10T19:05:40","guid":{"rendered":"https:\/\/nazarenonews.com.br\/?p=20888"},"modified":"2026-03-10T16:35:53","modified_gmt":"2026-03-10T20:35:53","slug":"empresaria-que-morreu-apos-lipo-teve-os-dois-pulmoes-colapsados-aponta-laudo","status":"publish","type":"post","link":"https:\/\/nazarenonews.com.br\/index.php\/2026\/03\/10\/empresaria-que-morreu-apos-lipo-teve-os-dois-pulmoes-colapsados-aponta-laudo\/","title":{"rendered":"Empres\u00e1ria que morreu ap\u00f3s lipo teve os dois pulm\u00f5es colapsados, aponta laudo"},"content":{"rendered":"\n<p>A empres\u00e1ria J\u00e9ssica Santiago Souza, de 33 anos, que morreu ap\u00f3s realizar uma lipoaspira\u00e7\u00e3o em um hospital de Tangar\u00e1 da Serra (239 km de Cuiab\u00e1), teve colapso dos dois pulm\u00f5es, segundo apontou o laudo necrosc\u00f3pico da Per\u00edcia Oficial e Identifica\u00e7\u00e3o T\u00e9cnica (Politec). O caso levou a Pol\u00edcia Civil a indiciar dois m\u00e9dicos por homic\u00eddio culposo, por poss\u00edvel imper\u00edcia na execu\u00e7\u00e3o do procedimento.<\/p>\n\n\n\n<p>De acordo com a investiga\u00e7\u00e3o conduzida pela Divis\u00e3o de Homic\u00eddios e Prote\u00e7\u00e3o \u00e0 Pessoa da Delegacia de Tangar\u00e1 da Serra, J\u00e9ssica sofreu pneumot\u00f3rax bilateral decorrente de perfura\u00e7\u00e3o da parede tor\u00e1cica posterior, les\u00e3o compat\u00edvel com instrumento cir\u00fargico utilizado durante a lipoaspira\u00e7\u00e3o.<\/p>\n\n\n\n<p>Ainda conforme a pol\u00edcia, as duas perfura\u00e7\u00f5es no pulm\u00e3o foram possivelmente causadas por uma c\u00e2nula, instrumento usado na suc\u00e7\u00e3o de gordura durante o procedimento est\u00e9tico.<\/p>\n\n\n\n<p>\u201cO laudo de necr\u00f3psia apontou duas perfura\u00e7\u00f5es no pulm\u00e3o causadas por instrumento contundente, que seria a c\u00e2nula que faz a suc\u00e7\u00e3o de gordura\u201d, explicou o delegado Gustavo Esp\u00edndula, respons\u00e1vel pelo caso.<\/p>\n\n\n\n<p>A investiga\u00e7\u00e3o foi iniciada ap\u00f3s a comunica\u00e7\u00e3o do \u00f3bito durante o procedimento. Ao longo do inqu\u00e9rito, foram colhidos depoimentos, analisados prontu\u00e1rios m\u00e9dicos e realizados exames periciais para esclarecer as circunst\u00e2ncias da morte.<\/p>\n\n\n\n<p>Segundo a an\u00e1lise t\u00e9cnica, houve nexo entre o procedimento cir\u00fargico e as les\u00f5es que comprometeram gravemente a respira\u00e7\u00e3o da paciente, levando ao \u00f3bito.<\/p>\n\n\n\n<p>Com base no conjunto de provas, o delegado concluiu pelo indiciamento de dois m\u00e9dicos por homic\u00eddio culposo, por imper\u00edcia na execu\u00e7\u00e3o da cirurgia. O inqu\u00e9rito foi encaminhado ao Minist\u00e9rio P\u00fablico de Mato Grosso, que ir\u00e1 analisar o caso e decidir sobre eventual den\u00fancia.<\/p>\n\n\n\n<p>Hipernot\u00edcias<\/p>\n","protected":false},"excerpt":{"rendered":"<p>A empres\u00e1ria J\u00e9ssica Santiago Souza, de 33 anos, que morreu ap\u00f3s realizar uma lipoaspira\u00e7\u00e3o em um hospital de Tangar\u00e1 da Serra (239 km de Cuiab\u00e1), teve colapso dos dois pulm\u00f5es, segundo apontou o laudo necrosc\u00f3pico da Per\u00edcia Oficial e Identifica\u00e7\u00e3o T\u00e9cnica (Politec). O caso levou a Pol\u00edcia Civil a indiciar dois m\u00e9dicos por homic\u00eddio culposo, [&hellip;]<\/p>\n","protected":false},"author":2,"featured_media":20891,"comment_status":"closed","ping_status":"closed","sticky":false,"template":"","format":"standard","meta":{"_monsterinsights_skip_tracking":false,"_monsterinsights_sitenote_active":false,"_monsterinsights_sitenote_note":"","_monsterinsights_sitenote_category":0,"footnotes":""},"categories":[1],"tags":[],"_links":{"self":[{"href":"https:\/\/nazarenonews.com.br\/index.php\/wp-json\/wp\/v2\/posts\/20888"}],"collection":[{"href":"https:\/\/nazarenonews.com.br\/index.php\/wp-json\/wp\/v2\/posts"}],"about":[{"href":"https:\/\/nazarenonews.com.br\/index.php\/wp-json\/wp\/v2\/types\/post"}],"author":[{"embeddable":true,"href":"https:\/\/nazarenonews.com.br\/index.php\/wp-json\/wp\/v2\/users\/2"}],"replies":[{"embeddable":true,"href":"https:\/\/nazarenonews.com.br\/index.php\/wp-json\/wp\/v2\/comments?post=20888"}],"version-history":[{"count":1,"href":"https:\/\/nazarenonews.com.br\/index.php\/wp-json\/wp\/v2\/posts\/20888\/revisions"}],"predecessor-version":[{"id":20890,"href":"https:\/\/nazarenonews.com.br\/index.php\/wp-json\/wp\/v2\/posts\/20888\/revisions\/20890"}],"wp:featuredmedia":[{"embeddable":true,"href":"https:\/\/nazarenonews.com.br\/index.php\/wp-json\/wp\/v2\/media\/20891"}],"wp:attachment":[{"href":"https:\/\/nazarenonews.com.br\/index.php\/wp-json\/wp\/v2\/media?parent=20888"}],"wp:term":[{"taxonomy":"category","embeddable":true,"href":"https:\/\/nazarenonews.com.br\/index.php\/wp-json\/wp\/v2\/categories?post=20888"},{"taxonomy":"post_tag","embeddable":true,"href":"https:\/\/nazarenonews.com.br\/index.php\/wp-json\/wp\/v2\/tags?post=20888"}],"curies":[{"name":"wp","href":"https:\/\/api.w.org\/{rel}","templated":true}]}}