{"id":20885,"date":"2026-03-10T15:01:13","date_gmt":"2026-03-10T19:01:13","guid":{"rendered":"https:\/\/nazarenonews.com.br\/?p=20885"},"modified":"2026-03-10T16:40:00","modified_gmt":"2026-03-10T20:40:00","slug":"lula-cancela-ida-a-posse-presidencial-no-chile-apos-flavio-bolsonaro-ter-sido-convidado","status":"publish","type":"post","link":"https:\/\/nazarenonews.com.br\/index.php\/2026\/03\/10\/lula-cancela-ida-a-posse-presidencial-no-chile-apos-flavio-bolsonaro-ter-sido-convidado\/","title":{"rendered":"Lula cancela ida \u00e0 posse presidencial no Chile ap\u00f3s Fl\u00e1vio Bolsonaro ter sido convidado"},"content":{"rendered":"\n<p>O presidente&nbsp;Luiz In\u00e1cio Lula da Silva&nbsp;cancelou a viagem que faria ao&nbsp;Chile&nbsp;para acompanhar a posse do novo presidente chileno,&nbsp;Jos\u00e9 Antonio Kast. A cerim\u00f4nia est\u00e1 marcada para quarta-feira (11) e ocorrer\u00e1 no Senado, na cidade de&nbsp;Valpara\u00edso.<\/p>\n\n\n\n<p>A agenda previa que Lula embarcaria ainda nesta semana para participar do evento e tamb\u00e9m teria uma reuni\u00e3o bilateral com o novo chefe de Estado chileno. No entanto, o motivo do cancelamento da viagem n\u00e3o foi divulgado at\u00e9 o momento.<\/p>\n\n\n\n<p>Segundo o&nbsp;Pal\u00e1cio do Planalto, o Brasil ser\u00e1 representado na cerim\u00f4nia pelo ministro das Rela\u00e7\u00f5es Exteriores,&nbsp;Mauro Vieira.<\/p>\n\n\n\n<p>Enquanto isso, o senador\u00a0Fl\u00e1vio Bolsonaro\u00a0confirmou que participar\u00e1 da solenidade. Pr\u00e9-candidato do\u00a0Partido Liberal\u00a0\u00e0 Presid\u00eancia da Rep\u00fablica, ele afirmou ter sido convidado pela equipe de Kast, que mant\u00e9m afinidade ideol\u00f3gica com o ex-presidente\u00a0Jair Bolsonaro.<\/p>\n\n\n\n<p>Folha do estado<\/p>\n","protected":false},"excerpt":{"rendered":"<p>O presidente&nbsp;Luiz In\u00e1cio Lula da Silva&nbsp;cancelou a viagem que faria ao&nbsp;Chile&nbsp;para acompanhar a posse do novo presidente chileno,&nbsp;Jos\u00e9 Antonio Kast. A cerim\u00f4nia est\u00e1 marcada para quarta-feira (11) e ocorrer\u00e1 no Senado, na cidade de&nbsp;Valpara\u00edso. A agenda previa que Lula embarcaria ainda nesta semana para participar do evento e tamb\u00e9m teria uma reuni\u00e3o bilateral com o [&hellip;]<\/p>\n","protected":false},"author":2,"featured_media":20892,"comment_status":"closed","ping_status":"closed","sticky":false,"template":"","format":"standard","meta":{"_monsterinsights_skip_tracking":false,"_monsterinsights_sitenote_active":false,"_monsterinsights_sitenote_note":"","_monsterinsights_sitenote_category":0,"footnotes":""},"categories":[1],"tags":[],"_links":{"self":[{"href":"https:\/\/nazarenonews.com.br\/index.php\/wp-json\/wp\/v2\/posts\/20885"}],"collection":[{"href":"https:\/\/nazarenonews.com.br\/index.php\/wp-json\/wp\/v2\/posts"}],"about":[{"href":"https:\/\/nazarenonews.com.br\/index.php\/wp-json\/wp\/v2\/types\/post"}],"author":[{"embeddable":true,"href":"https:\/\/nazarenonews.com.br\/index.php\/wp-json\/wp\/v2\/users\/2"}],"replies":[{"embeddable":true,"href":"https:\/\/nazarenonews.com.br\/index.php\/wp-json\/wp\/v2\/comments?post=20885"}],"version-history":[{"count":1,"href":"https:\/\/nazarenonews.com.br\/index.php\/wp-json\/wp\/v2\/posts\/20885\/revisions"}],"predecessor-version":[{"id":20887,"href":"https:\/\/nazarenonews.com.br\/index.php\/wp-json\/wp\/v2\/posts\/20885\/revisions\/20887"}],"wp:featuredmedia":[{"embeddable":true,"href":"https:\/\/nazarenonews.com.br\/index.php\/wp-json\/wp\/v2\/media\/20892"}],"wp:attachment":[{"href":"https:\/\/nazarenonews.com.br\/index.php\/wp-json\/wp\/v2\/media?parent=20885"}],"wp:term":[{"taxonomy":"category","embeddable":true,"href":"https:\/\/nazarenonews.com.br\/index.php\/wp-json\/wp\/v2\/categories?post=20885"},{"taxonomy":"post_tag","embeddable":true,"href":"https:\/\/nazarenonews.com.br\/index.php\/wp-json\/wp\/v2\/tags?post=20885"}],"curies":[{"name":"wp","href":"https:\/\/api.w.org\/{rel}","templated":true}]}}