{"id":20882,"date":"2026-03-10T14:59:12","date_gmt":"2026-03-10T18:59:12","guid":{"rendered":"https:\/\/nazarenonews.com.br\/?p=20882"},"modified":"2026-03-10T14:59:13","modified_gmt":"2026-03-10T18:59:13","slug":"estudante-de-14-anos-exibe-simulacro-de-arma-de-fogo-em-escola-de-cuiaba","status":"publish","type":"post","link":"https:\/\/nazarenonews.com.br\/index.php\/2026\/03\/10\/estudante-de-14-anos-exibe-simulacro-de-arma-de-fogo-em-escola-de-cuiaba\/","title":{"rendered":"Estudante de 14 anos exibe simulacro de arma de fogo em escola de Cuiab\u00e1"},"content":{"rendered":"\n<p>m adolescente de 14 anos foi flagrado em v\u00eddeo exibindo um objeto semelhante a uma arma de fogo dentro do&nbsp;Col\u00e9gio S\u00e3o Benedito, localizado no bairro Are\u00e3o, em&nbsp;Cuiab\u00e1. Nas imagens, o estudante aparece retirando o objeto de dentro da mochila e colocando-o na cintura enquanto est\u00e1 dentro da unidade de ensino.<\/p>\n\n\n\n<p>A grava\u00e7\u00e3o come\u00e7ou a circular entre membros da comunidade escolar e rapidamente gerou apreens\u00e3o entre pais, alunos e funcion\u00e1rios, j\u00e1 que o item aparentava ser uma arma de fogo.<\/p>\n\n\n\n<p>Diante da repercuss\u00e3o, o aluno foi levado pela equipe de supervis\u00e3o at\u00e9 a coordena\u00e7\u00e3o da escola para esclarecimentos. Ap\u00f3s a verifica\u00e7\u00e3o, foi constatado que o objeto exibido pelo adolescente se tratava, na verdade, de um simulacro uma arma de brinquedo.<\/p>\n\n\n\n<p>Em nota, a dire\u00e7\u00e3o do&nbsp;Col\u00e9gio S\u00e3o Benedito&nbsp;informou que o epis\u00f3dio ocorreu na segunda-feira (9) e que a situa\u00e7\u00e3o foi rapidamente controlada pela equipe da institui\u00e7\u00e3o. Segundo o comunicado, n\u00e3o houve risco para estudantes ou funcion\u00e1rios.<\/p>\n\n\n\n<p>O objeto foi recolhido pela escola e os respons\u00e1veis pelo aluno foram comunicados para que as medidas necess\u00e1rias fossem tomadas.<\/p>\n\n\n\n<p>A institui\u00e7\u00e3o tamb\u00e9m destacou que possui protocolos de seguran\u00e7a e que continua adotando a\u00e7\u00f5es educativas e disciplinares quando situa\u00e7\u00f5es desse tipo acontecem. Por envolver um menor de idade, outros detalhes do caso n\u00e3o foram divulgados.<\/p>\n\n\n\n<p>Ap\u00f3s o epis\u00f3dio, foi emitido um atestado de transfer\u00eancia, permitindo que o estudante continue os estudos em outra institui\u00e7\u00e3o.<\/p>\n\n\n\n<p>Folha do estado<\/p>\n","protected":false},"excerpt":{"rendered":"<p>m adolescente de 14 anos foi flagrado em v\u00eddeo exibindo um objeto semelhante a uma arma de fogo dentro do&nbsp;Col\u00e9gio S\u00e3o Benedito, localizado no bairro Are\u00e3o, em&nbsp;Cuiab\u00e1. Nas imagens, o estudante aparece retirando o objeto de dentro da mochila e colocando-o na cintura enquanto est\u00e1 dentro da unidade de ensino. A grava\u00e7\u00e3o come\u00e7ou a circular [&hellip;]<\/p>\n","protected":false},"author":2,"featured_media":20883,"comment_status":"closed","ping_status":"closed","sticky":false,"template":"","format":"standard","meta":{"_monsterinsights_skip_tracking":false,"_monsterinsights_sitenote_active":false,"_monsterinsights_sitenote_note":"","_monsterinsights_sitenote_category":0,"footnotes":""},"categories":[1],"tags":[],"_links":{"self":[{"href":"https:\/\/nazarenonews.com.br\/index.php\/wp-json\/wp\/v2\/posts\/20882"}],"collection":[{"href":"https:\/\/nazarenonews.com.br\/index.php\/wp-json\/wp\/v2\/posts"}],"about":[{"href":"https:\/\/nazarenonews.com.br\/index.php\/wp-json\/wp\/v2\/types\/post"}],"author":[{"embeddable":true,"href":"https:\/\/nazarenonews.com.br\/index.php\/wp-json\/wp\/v2\/users\/2"}],"replies":[{"embeddable":true,"href":"https:\/\/nazarenonews.com.br\/index.php\/wp-json\/wp\/v2\/comments?post=20882"}],"version-history":[{"count":1,"href":"https:\/\/nazarenonews.com.br\/index.php\/wp-json\/wp\/v2\/posts\/20882\/revisions"}],"predecessor-version":[{"id":20884,"href":"https:\/\/nazarenonews.com.br\/index.php\/wp-json\/wp\/v2\/posts\/20882\/revisions\/20884"}],"wp:featuredmedia":[{"embeddable":true,"href":"https:\/\/nazarenonews.com.br\/index.php\/wp-json\/wp\/v2\/media\/20883"}],"wp:attachment":[{"href":"https:\/\/nazarenonews.com.br\/index.php\/wp-json\/wp\/v2\/media?parent=20882"}],"wp:term":[{"taxonomy":"category","embeddable":true,"href":"https:\/\/nazarenonews.com.br\/index.php\/wp-json\/wp\/v2\/categories?post=20882"},{"taxonomy":"post_tag","embeddable":true,"href":"https:\/\/nazarenonews.com.br\/index.php\/wp-json\/wp\/v2\/tags?post=20882"}],"curies":[{"name":"wp","href":"https:\/\/api.w.org\/{rel}","templated":true}]}}