{"id":20874,"date":"2026-03-10T07:01:20","date_gmt":"2026-03-10T11:01:20","guid":{"rendered":"https:\/\/nazarenonews.com.br\/?p=20874"},"modified":"2026-03-10T07:01:20","modified_gmt":"2026-03-10T11:01:20","slug":"boi-gordo-hoje-confira-as-cotacoes-para-esta-terca-feira-10-2","status":"publish","type":"post","link":"https:\/\/nazarenonews.com.br\/index.php\/2026\/03\/10\/boi-gordo-hoje-confira-as-cotacoes-para-esta-terca-feira-10-2\/","title":{"rendered":"Boi gordo hoje: confira as cota\u00e7\u00f5es para esta\u00a0ter\u00e7a-feira (10)"},"content":{"rendered":"\n<p>As cota\u00e7\u00f5es do frango congelado apresentam baixa, carca\u00e7a su\u00edna registra alta<\/p>\n\n\n\n<p>Data de publica\u00e7\u00e3o: 10 de Mar\u00e7o de 2026, 04:00h<\/p>\n\n\n\n<p>O pre\u00e7o do boi gordo nesta ter\u00e7a-feira (10) apresenta alta; a arroba est\u00e1 sendo negociada a R$ 347,40, no estado de S\u00e3o Paulo.&nbsp;<\/p>\n\n\n\n<p><br><strong>INDICADOR DO BOI GORDO CEPEA\/ESALQ<\/strong><\/p>\n\n\n\n<figure class=\"wp-block-table\"><table><thead><tr><th>Data<\/th><th>Valor R$*<\/th><th>Var.\/Dia<\/th><th>Var.\/M\u00eas<\/th><th>Valor US$*<\/th><\/tr><\/thead><tbody><tr><td>09\/03\/2026<\/td><td>347,40<\/td><td>0,39%<\/td><td>-1,63%<\/td><td>67,17<\/td><\/tr><tr><td>06\/03\/2026<\/td><td>346,05<\/td><td>-0,36%<\/td><td>-2,01%<\/td><td>65,91<\/td><\/tr><tr><td>05\/03\/2026<\/td><td>347,30<\/td><td>-0,39%<\/td><td>-1,66%<\/td><td>65,75<\/td><\/tr><tr><td>04\/03\/2026<\/td><td>348,65<\/td><td>-0,53%<\/td><td>-1,27%<\/td><td>66,80<\/td><\/tr><tr><td>03\/03\/2026<\/td><td>350,50<\/td><td>-0,74%<\/td><td>-0,75%<\/td><td>66,50<\/td><\/tr><\/tbody><\/table><\/figure>\n\n\n\n<p>Na Grande S\u00e3o Paulo, em S\u00e3o Jos\u00e9 do Rio Preto e em Descalvado, os pre\u00e7os do frango apresentam queda. O frango congelado passou a ser negociado a R$ 7,05 com baixa de 0,14%, enquanto o frango resfriado fechou a R$ 7,09 tamb\u00e9m com queda de 0,14%.<\/p>\n\n\n\n<p><br><strong>PRE\u00c7OS DO FRANGO CONGELADO CEPEA\/ESALQ &#8211; ESTADO SP<\/strong><\/p>\n\n\n\n<figure class=\"wp-block-table\"><table><thead><tr><th>Data<\/th><th>Valor R$<\/th><th>Var.\/Dia<\/th><th>Var.\/M\u00eas<\/th><\/tr><\/thead><tbody><tr><td>09\/03\/2026<\/td><td>7,05<\/td><td>-0,14%<\/td><td>-2,89%<\/td><\/tr><tr><td>06\/03\/2026<\/td><td>7,06<\/td><td>0,00%<\/td><td>-2,75%<\/td><\/tr><tr><td>05\/03\/2026<\/td><td>7,06<\/td><td>0,00%<\/td><td>-2,75%<\/td><\/tr><tr><td>04\/03\/2026<\/td><td>7,06<\/td><td>-0,14%<\/td><td>-2,75%<\/td><\/tr><tr><td>03\/03\/2026<\/td><td>7,07<\/td><td>-0,70%<\/td><td>-2,62%<\/td><\/tr><\/tbody><\/table><\/figure>\n\n\n\n<p><strong>PRE\u00c7OS DO FRANGO RESFRIADO CEPEA\/ESALQ &#8211; ESTADO SP<\/strong><\/p>\n\n\n\n<figure class=\"wp-block-table\"><table><thead><tr><th>Data<\/th><th>Valor R$<\/th><th>Var.\/Dia<\/th><th>Var.\/M\u00eas<\/th><\/tr><\/thead><tbody><tr><td>09\/03\/2026<\/td><td>7,09<\/td><td>-0,14%<\/td><td>-3,01%<\/td><\/tr><tr><td>06\/03\/2026<\/td><td>7,10<\/td><td>0,00%<\/td><td>-2,87%<\/td><\/tr><tr><td>05\/03\/2026<\/td><td>7,10<\/td><td>0,00%<\/td><td>-2,87%<\/td><\/tr><tr><td>04\/03\/2026<\/td><td>7,10<\/td><td>-0,14%<\/td><td>-2,87%<\/td><\/tr><tr><td>03\/03\/2026<\/td><td>7,11<\/td><td>-0,84%<\/td><td>-2,74%<\/td><\/tr><\/tbody><\/table><\/figure>\n\n\n\n<h2 class=\"wp-block-heading\">Pre\u00e7o da carca\u00e7a su\u00edna especial e su\u00edno vivo<\/h2>\n\n\n\n<p>A carca\u00e7a su\u00edna especial tamb\u00e9m apresenta alta de 0,80%, sendo negociada a R$ 10,08, por quilo nos atacados da Grande S\u00e3o Paulo.<\/p>\n\n\n\n<p>O su\u00edno vivo registra estabilidade em alguns estados, com destaque para Minas Gerais, onde o animal \u00e9 comercializado a R$ 6,76.<\/p>\n\n\n\n<p><br><strong>PRE\u00c7OS DA CARCA\u00c7A SU\u00cdNA ESPECIAL (R$\/kg)<\/strong><\/p>\n\n\n\n<figure class=\"wp-block-table\"><table><thead><tr><th>Data<\/th><th>M\u00e9dia<\/th><th>Var.\/Dia<\/th><th>Var.\/M\u00eas<\/th><\/tr><\/thead><tbody><tr><td>09\/03\/2026<\/td><td>10,08<\/td><td>0,80%<\/td><td>-0,20%<\/td><\/tr><tr><td>06\/03\/2026<\/td><td>10,00<\/td><td>0,40%<\/td><td>-0,99%<\/td><\/tr><tr><td>05\/03\/2026<\/td><td>9,96<\/td><td>-2,45%<\/td><td>-1,39%<\/td><\/tr><tr><td>04\/03\/2026<\/td><td>10,21<\/td><td>0,20%<\/td><td>1,09%<\/td><\/tr><tr><td>03\/03\/2026<\/td><td>10,19<\/td><td>0,00%<\/td><td>0,89%<\/td><\/tr><\/tbody><\/table><\/figure>\n\n\n\n<p><strong>INDICADOR DO SU\u00cdNO VIVO CEPEA\/ESALQ (R$\/kg)<\/strong><\/p>\n\n\n\n<figure class=\"wp-block-table\"><table><thead><tr><th>Data<\/th><th>Estado<\/th><th>Valor R$*<\/th><th>Var.\/Dia<\/th><th>Var.\/M\u00eas<\/th><\/tr><\/thead><tbody><tr><td>09\/03\/2026<\/td><td>MG &#8211; posto<\/td><td>6,76<\/td><td>0,00%<\/td><td>0,00%<\/td><\/tr><tr><td>09\/03\/2026<\/td><td>PR &#8211; a retirar<\/td><td>6,70<\/td><td>-0,15%<\/td><td>1,67%<\/td><\/tr><tr><td>09\/03\/2026<\/td><td>RS &#8211; a retirar<\/td><td>6,78<\/td><td>0,15%<\/td><td>0,74%<\/td><\/tr><tr><td>09\/03\/2026<\/td><td>SC &#8211; a retirar<\/td><td>6,63<\/td><td>0,00%<\/td><td>1,84%<\/td><\/tr><tr><td>09\/03\/2026<\/td><td>SP &#8211; posto<\/td><td>6,94<\/td><td>-0,14%<\/td><td>0,58%<\/td><\/tr><\/tbody><\/table><\/figure>\n\n\n\n<p>Os valores s\u00e3o do&nbsp;<a href=\"https:\/\/www.cepea.org.br\/br\/indicador\/suino.aspx\">Cepea<\/a>.<\/p>\n\n\n\n<h2 class=\"wp-block-heading\">O que \u00e9 o boi gordo? Entenda o termo do mercado bovino<\/h2>\n\n\n\n<p>O boi gordo \u00e9 o bovino macho pronto para o abate, com peso m\u00ednimo de 16 arrobas l\u00edquidas de carca\u00e7a (aproximadamente 240 kg) e at\u00e9 42 meses de idade. Atende aos padr\u00f5es do mercado nacional e internacional, incluindo exporta\u00e7\u00f5es para Europa, China e cota Hilton.<\/p>\n\n\n\n<h2 class=\"wp-block-heading\">Diferen\u00e7as entre frango congelado e frango resfriado<\/h2>\n\n\n\n<p>O frango congelado passa por congelamento r\u00e1pido, com temperaturas abaixo de -12\u00b0C, garantindo maior vida \u00fatil para armazenamento e transporte a longas dist\u00e2ncias. J\u00e1 o frango resfriado \u00e9 mantido entre 0\u00b0C e 4\u00b0C, com validade de 5 a 7 dias, oferecendo textura e sabor mais pr\u00f3ximos do fresco, ideal para consumidores exigentes e restaurantes.<\/p>\n\n\n\n<p><\/p>\n","protected":false},"excerpt":{"rendered":"<p>As cota\u00e7\u00f5es do frango congelado apresentam baixa, carca\u00e7a su\u00edna registra alta Data de publica\u00e7\u00e3o: 10 de Mar\u00e7o de 2026, 04:00h O pre\u00e7o do boi gordo nesta ter\u00e7a-feira (10) apresenta alta; a arroba est\u00e1 sendo negociada a R$ 347,40, no estado de S\u00e3o Paulo.&nbsp; INDICADOR DO BOI GORDO CEPEA\/ESALQ Data Valor R$* Var.\/Dia Var.\/M\u00eas Valor US$* [&hellip;]<\/p>\n","protected":false},"author":2,"featured_media":20875,"comment_status":"closed","ping_status":"closed","sticky":false,"template":"","format":"standard","meta":{"_monsterinsights_skip_tracking":false,"_monsterinsights_sitenote_active":false,"_monsterinsights_sitenote_note":"","_monsterinsights_sitenote_category":0,"footnotes":""},"categories":[54],"tags":[],"_links":{"self":[{"href":"https:\/\/nazarenonews.com.br\/index.php\/wp-json\/wp\/v2\/posts\/20874"}],"collection":[{"href":"https:\/\/nazarenonews.com.br\/index.php\/wp-json\/wp\/v2\/posts"}],"about":[{"href":"https:\/\/nazarenonews.com.br\/index.php\/wp-json\/wp\/v2\/types\/post"}],"author":[{"embeddable":true,"href":"https:\/\/nazarenonews.com.br\/index.php\/wp-json\/wp\/v2\/users\/2"}],"replies":[{"embeddable":true,"href":"https:\/\/nazarenonews.com.br\/index.php\/wp-json\/wp\/v2\/comments?post=20874"}],"version-history":[{"count":1,"href":"https:\/\/nazarenonews.com.br\/index.php\/wp-json\/wp\/v2\/posts\/20874\/revisions"}],"predecessor-version":[{"id":20876,"href":"https:\/\/nazarenonews.com.br\/index.php\/wp-json\/wp\/v2\/posts\/20874\/revisions\/20876"}],"wp:featuredmedia":[{"embeddable":true,"href":"https:\/\/nazarenonews.com.br\/index.php\/wp-json\/wp\/v2\/media\/20875"}],"wp:attachment":[{"href":"https:\/\/nazarenonews.com.br\/index.php\/wp-json\/wp\/v2\/media?parent=20874"}],"wp:term":[{"taxonomy":"category","embeddable":true,"href":"https:\/\/nazarenonews.com.br\/index.php\/wp-json\/wp\/v2\/categories?post=20874"},{"taxonomy":"post_tag","embeddable":true,"href":"https:\/\/nazarenonews.com.br\/index.php\/wp-json\/wp\/v2\/tags?post=20874"}],"curies":[{"name":"wp","href":"https:\/\/api.w.org\/{rel}","templated":true}]}}