{"id":20863,"date":"2026-03-10T06:55:20","date_gmt":"2026-03-10T10:55:20","guid":{"rendered":"https:\/\/nazarenonews.com.br\/?p=20863"},"modified":"2026-03-10T06:55:20","modified_gmt":"2026-03-10T10:55:20","slug":"alunos-da-rede-estadual-tem-ate-31-de-marco-para-garantir-vaga-no-pre-enem-digitl-mt","status":"publish","type":"post","link":"https:\/\/nazarenonews.com.br\/index.php\/2026\/03\/10\/alunos-da-rede-estadual-tem-ate-31-de-marco-para-garantir-vaga-no-pre-enem-digitl-mt\/","title":{"rendered":"Alunos da rede estadual t\u00eam at\u00e9 31 de mar\u00e7o para garantir vaga no Pr\u00e9-Enem Digit@l MT"},"content":{"rendered":"\n<p>A Secretaria de Estado de Educa\u00e7\u00e3o (Seduc-MT) refor\u00e7ou o alerta aos estudantes da rede estadual sobre o encerramento das inscri\u00e7\u00f5es para o Pr\u00e9-Enem Digit@l MT 2026. O prazo termina \u00e0s 23h59 do dia 31 de mar\u00e7o, e o cadastro deve ser feito exclusivamente por formul\u00e1rio eletr\u00f4nico espec\u00edfico vinculado a cada Diretoria Regional de Educa\u00e7\u00e3o (DRE) e \u00e0 Diretoria Metropolitana de Educa\u00e7\u00e3o (DME). Confira o edital.<\/p>\n\n\n\n<p>Gratuito, o curso foi estruturado para ampliar a prepara\u00e7\u00e3o dos estudantes que pretendem disputar uma vaga no ensino superior por meio do Exame Nacional do Ensino M\u00e9dio (Enem). Neste ano, a iniciativa oferece duas modalidades de participa\u00e7\u00e3o: presencial e on-line.<\/p>\n\n\n\n<p>No formato presencial, os estudantes ter\u00e3o atividades semanais com aulas, oficinas de reda\u00e7\u00e3o e simulados nos polos das DREs e da DME. J\u00e1 na modalidade on-line, o acesso ser\u00e1 pelo Ambiente Virtual de Aprendizagem (AVA), onde estar\u00e3o dispon\u00edveis aulas, materiais did\u00e1ticos e simulados ao longo de toda a programa\u00e7\u00e3o.<\/p>\n\n\n\n<p>O p\u00fablico priorit\u00e1rio \u00e9 formado por estudantes concluintes do Ensino M\u00e9dio da rede estadual em 2026, incluindo alunos do Ensino M\u00e9dio Regular, Integral, Profissional e Tecnol\u00f3gico, al\u00e9m das modalidades de Educa\u00e7\u00e3o do Campo e Quilombola, Educa\u00e7\u00e3o Escolar Ind\u00edgena, Sistema Socioeducativo, Programa de Recomposi\u00e7\u00e3o de Aprendizagem e Educa\u00e7\u00e3o de Jovens e Adultos (EJA), tanto regular quanto no sistema prisional. O projeto tamb\u00e9m contempla estudantes matriculados no 2\u00ba ano do Ensino M\u00e9dio da rede estadual.<\/p>\n\n\n\n<p>Ao todo, ser\u00e3o disponibilizadas 20 mil vagas para acesso ao AVA. A distribui\u00e7\u00e3o ocorrer\u00e1 por DRE e DME. Nos casos em que a procura pelas vagas presenciais superar a quantidade ofertada, ter\u00e3o prioridade, em sequ\u00eancia, os estudantes matriculados no 3\u00ba ano do Ensino M\u00e9dio, os do 2\u00ba e 3\u00ba semestres da EJA e, posteriormente, ser\u00e1 considerada a ordem de inscri\u00e7\u00e3o at\u00e9 o limite dispon\u00edvel.<\/p>\n\n\n\n<p>As inscri\u00e7\u00f5es excedentes ficar\u00e3o em lista de espera para eventual convoca\u00e7\u00e3o em caso de desist\u00eancia. Mesmo nessa condi\u00e7\u00e3o, o estudante poder\u00e1 receber material impresso e acompanhar as aulas pela plataforma digital.<\/p>\n\n\n\n<p>As aulas presenciais ocorrer\u00e3o uma vez por semana nos munic\u00edpios polo de cada regional. Na Diretoria Metropolitana de Educa\u00e7\u00e3o, haver\u00e1 escolas-polo em Cuiab\u00e1 e V\u00e1rzea Grande. Excepcionalmente, no caso da DRE de Diamantino, o munic\u00edpio polo ser\u00e1 Nova Mutum.<\/p>\n\n\n\n<p>A aula inaugural ter\u00e1 data divulgada posteriormente nos canais oficiais e no site institucional da Seduc. As atividades seguem at\u00e9 28 de novembro de 2026, com pausa prevista para o recesso escolar entre os dias 4 e 20 de julho. Em caso de desist\u00eancia da modalidade presencial, o estudante dever\u00e1 comunicar a respectiva DRE ou DME para que a vaga seja repassada ao pr\u00f3ximo inscrito da lista de espera.<\/p>\n\n\n\n<p>A Seduc tamb\u00e9m vai disponibilizar material did\u00e1tico impresso e digital, com conte\u00fados espec\u00edficos das quatro \u00e1reas do conhecimento do Ensino M\u00e9dio, al\u00e9m de um volume exclusivo de Reda\u00e7\u00e3o. A entrega da vers\u00e3o impressa depender\u00e1 da assinatura do Termo de Responsabilidade e Compromisso, seguindo crit\u00e9rios de prioridade definidos em edital, como modalidade de participa\u00e7\u00e3o e condi\u00e7\u00e3o de concluinte.<\/p>\n\n\n\n<p>Para o secret\u00e1rio de Estado de Educa\u00e7\u00e3o, Alan Porto, o Pr\u00e9-Enem Digit@l MT representa uma a\u00e7\u00e3o estrat\u00e9gica para fortalecer a prepara\u00e7\u00e3o dos estudantes da rede p\u00fablica e ampliar suas perspectivas de futuro.<\/p>\n\n\n\n<p><em><strong>\u201cEstamos na reta final das inscri\u00e7\u00f5es e esse \u00e9 o momento de o estudante aproveitar uma oportunidade que pode fazer diferen\u00e7a no resultado do Enem. O Estado est\u00e1 oferecendo suporte pedag\u00f3gico, conte\u00fado organizado e acompanhamento para que nossos jovens cheguem mais preparados, seguros e competitivos\u201d<\/strong><\/em>, afirmou.<\/p>\n\n\n\n<p>Alan Porto destacou ainda que a proposta do curso busca alcan\u00e7ar diferentes perfis de estudantes, respeitando realidades e ampliando o acesso \u00e0 prepara\u00e7\u00e3o de qualidade em todas as regi\u00f5es.<\/p>\n\n\n\n<p><em><strong>\u201cO Pr\u00e9-Enem Digit@l MT foi pensado para chegar onde muitas vezes o cursinho particular n\u00e3o chega. Quando oferecemos aulas presenciais nos polos, acesso digital, simulados e material de apoio, estamos criando condi\u00e7\u00f5es para que mais estudantes da rede estadual sonhem com a universidade e tenham apoio concreto para transformar esse sonho em conquista\u201d<\/strong><\/em>, completou o secret\u00e1rio.<\/p>\n\n\n\n<p>Rep\u00f3rtermt<\/p>\n","protected":false},"excerpt":{"rendered":"<p>A Secretaria de Estado de Educa\u00e7\u00e3o (Seduc-MT) refor\u00e7ou o alerta aos estudantes da rede estadual sobre o encerramento das inscri\u00e7\u00f5es para o Pr\u00e9-Enem Digit@l MT 2026. O prazo termina \u00e0s 23h59 do dia 31 de mar\u00e7o, e o cadastro deve ser feito exclusivamente por formul\u00e1rio eletr\u00f4nico espec\u00edfico vinculado a cada Diretoria Regional de Educa\u00e7\u00e3o (DRE) [&hellip;]<\/p>\n","protected":false},"author":2,"featured_media":20864,"comment_status":"closed","ping_status":"closed","sticky":false,"template":"","format":"standard","meta":{"_monsterinsights_skip_tracking":false,"_monsterinsights_sitenote_active":false,"_monsterinsights_sitenote_note":"","_monsterinsights_sitenote_category":0,"footnotes":""},"categories":[1],"tags":[],"_links":{"self":[{"href":"https:\/\/nazarenonews.com.br\/index.php\/wp-json\/wp\/v2\/posts\/20863"}],"collection":[{"href":"https:\/\/nazarenonews.com.br\/index.php\/wp-json\/wp\/v2\/posts"}],"about":[{"href":"https:\/\/nazarenonews.com.br\/index.php\/wp-json\/wp\/v2\/types\/post"}],"author":[{"embeddable":true,"href":"https:\/\/nazarenonews.com.br\/index.php\/wp-json\/wp\/v2\/users\/2"}],"replies":[{"embeddable":true,"href":"https:\/\/nazarenonews.com.br\/index.php\/wp-json\/wp\/v2\/comments?post=20863"}],"version-history":[{"count":1,"href":"https:\/\/nazarenonews.com.br\/index.php\/wp-json\/wp\/v2\/posts\/20863\/revisions"}],"predecessor-version":[{"id":20865,"href":"https:\/\/nazarenonews.com.br\/index.php\/wp-json\/wp\/v2\/posts\/20863\/revisions\/20865"}],"wp:featuredmedia":[{"embeddable":true,"href":"https:\/\/nazarenonews.com.br\/index.php\/wp-json\/wp\/v2\/media\/20864"}],"wp:attachment":[{"href":"https:\/\/nazarenonews.com.br\/index.php\/wp-json\/wp\/v2\/media?parent=20863"}],"wp:term":[{"taxonomy":"category","embeddable":true,"href":"https:\/\/nazarenonews.com.br\/index.php\/wp-json\/wp\/v2\/categories?post=20863"},{"taxonomy":"post_tag","embeddable":true,"href":"https:\/\/nazarenonews.com.br\/index.php\/wp-json\/wp\/v2\/tags?post=20863"}],"curies":[{"name":"wp","href":"https:\/\/api.w.org\/{rel}","templated":true}]}}