{"id":20860,"date":"2026-03-10T06:53:36","date_gmt":"2026-03-10T10:53:36","guid":{"rendered":"https:\/\/nazarenonews.com.br\/?p=20860"},"modified":"2026-03-10T06:53:37","modified_gmt":"2026-03-10T10:53:37","slug":"inspetor-da-gm-e-punido-e-tera-salario-descontado-em-varzea-grande","status":"publish","type":"post","link":"https:\/\/nazarenonews.com.br\/index.php\/2026\/03\/10\/inspetor-da-gm-e-punido-e-tera-salario-descontado-em-varzea-grande\/","title":{"rendered":"Inspetor da GM \u00e9 punido e ter\u00e1 sal\u00e1rio descontado em V\u00e1rzea Grande"},"content":{"rendered":"\n<p>A Guarda Municipal de V\u00e1rzea Grande converteu em multa de 50% da remunera\u00e7\u00e3o di\u00e1ria a suspens\u00e3o de 60 dias aplicada ao inspetor Allan Kardec de Almeida. O guarda foi punido ap\u00f3s se envolver em uma briga com outro agente dentro de uma base da corpora\u00e7\u00e3o. A penalidade foi definida ap\u00f3s a conclus\u00e3o de um Processo Administrativo Disciplinar (PAD) instaurado pela Prefeitura para apurar o caso e foi divulgada no Di\u00e1rio Oficial do munic\u00edpio de hoje (9).<\/p>\n\n\n\n<p>O processo foi aberto para investigar um desentendimento entre Allan e o inspetor Oziel Campos de Oliveira. Conforme os autos, a discuss\u00e3o entre os servidores evoluiu para confronto f\u00edsico entre os agentes.<\/p>\n\n\n\n<p>Durante a investiga\u00e7\u00e3o, a comiss\u00e3o disciplinar analisou depoimentos de testemunhas, imagens de c\u00e2meras de seguran\u00e7a da unidade e as defesas apresentadas pelos envolvidos. Ap\u00f3s a an\u00e1lise das provas, foi conclu\u00eddo que Oziel Campos de Oliveira n\u00e3o teve responsabilidade disciplinar, sendo considerado inocente no caso.<\/p>\n\n\n\n<p>J\u00e1 o inspetor Allan Kardec foi responsabilizado pela conduta. A decis\u00e3o tamb\u00e9m destacou como agravante o fato de o servidor possuir treinamento em t\u00e9cnicas de combate e artes marciais, o que exige maior controle no uso da for\u00e7a, especialmente dentro do ambiente de trabalho.<\/p>\n\n\n\n<p>Rep\u00f3rter MT<\/p>\n","protected":false},"excerpt":{"rendered":"<p>A Guarda Municipal de V\u00e1rzea Grande converteu em multa de 50% da remunera\u00e7\u00e3o di\u00e1ria a suspens\u00e3o de 60 dias aplicada ao inspetor Allan Kardec de Almeida. O guarda foi punido ap\u00f3s se envolver em uma briga com outro agente dentro de uma base da corpora\u00e7\u00e3o. A penalidade foi definida ap\u00f3s a conclus\u00e3o de um Processo [&hellip;]<\/p>\n","protected":false},"author":2,"featured_media":20861,"comment_status":"closed","ping_status":"closed","sticky":false,"template":"","format":"standard","meta":{"_monsterinsights_skip_tracking":false,"_monsterinsights_sitenote_active":false,"_monsterinsights_sitenote_note":"","_monsterinsights_sitenote_category":0,"footnotes":""},"categories":[1],"tags":[],"_links":{"self":[{"href":"https:\/\/nazarenonews.com.br\/index.php\/wp-json\/wp\/v2\/posts\/20860"}],"collection":[{"href":"https:\/\/nazarenonews.com.br\/index.php\/wp-json\/wp\/v2\/posts"}],"about":[{"href":"https:\/\/nazarenonews.com.br\/index.php\/wp-json\/wp\/v2\/types\/post"}],"author":[{"embeddable":true,"href":"https:\/\/nazarenonews.com.br\/index.php\/wp-json\/wp\/v2\/users\/2"}],"replies":[{"embeddable":true,"href":"https:\/\/nazarenonews.com.br\/index.php\/wp-json\/wp\/v2\/comments?post=20860"}],"version-history":[{"count":1,"href":"https:\/\/nazarenonews.com.br\/index.php\/wp-json\/wp\/v2\/posts\/20860\/revisions"}],"predecessor-version":[{"id":20862,"href":"https:\/\/nazarenonews.com.br\/index.php\/wp-json\/wp\/v2\/posts\/20860\/revisions\/20862"}],"wp:featuredmedia":[{"embeddable":true,"href":"https:\/\/nazarenonews.com.br\/index.php\/wp-json\/wp\/v2\/media\/20861"}],"wp:attachment":[{"href":"https:\/\/nazarenonews.com.br\/index.php\/wp-json\/wp\/v2\/media?parent=20860"}],"wp:term":[{"taxonomy":"category","embeddable":true,"href":"https:\/\/nazarenonews.com.br\/index.php\/wp-json\/wp\/v2\/categories?post=20860"},{"taxonomy":"post_tag","embeddable":true,"href":"https:\/\/nazarenonews.com.br\/index.php\/wp-json\/wp\/v2\/tags?post=20860"}],"curies":[{"name":"wp","href":"https:\/\/api.w.org\/{rel}","templated":true}]}}