{"id":20856,"date":"2026-03-09T16:00:40","date_gmt":"2026-03-09T20:00:40","guid":{"rendered":"https:\/\/nazarenonews.com.br\/?p=20856"},"modified":"2026-03-09T16:03:20","modified_gmt":"2026-03-09T20:03:20","slug":"carreta-tanque-tomba-na-br-163-e-bloqueia-rodovia-por-horas","status":"publish","type":"post","link":"https:\/\/nazarenonews.com.br\/index.php\/2026\/03\/09\/carreta-tanque-tomba-na-br-163-e-bloqueia-rodovia-por-horas\/","title":{"rendered":"Carreta-tanque tomba na BR-163 e bloqueia rodovia por horas"},"content":{"rendered":"\n<p>Uma carreta-tanque tombou na madrugada desta segunda-feira (9), no km 568 da BR-163, em Nova Mutum (264 km ao Norte), provocando a interdi\u00e7\u00e3o total da pista no sentido norte da rodovia. O caminhoneiro n\u00e3o teve ferimentos graves.<\/p>\n\n\n\n<p>De acordo com a Nova Rota do Oeste, a ocorr\u00eancia foi registrada por volta das 5h. O ve\u00edculo seguia no sentido norte quando o motorista perdeu o controle da dire\u00e7\u00e3o e a carreta acabou tombando, ficando atravessada sobre a pista e parte do canteiro central.<\/p>\n\n\n\n<p>Equipes de resgate da concession\u00e1ria foram acionadas, por\u00e9m o condutor n\u00e3o sofreu ferimentos e assinou o termo de recusa de encaminhamento m\u00e9dico.<\/p>\n\n\n\n<p>Apesar de o tanque estar vazio no momento do acidente, houve derramamento de combust\u00edvel do pr\u00f3prio ve\u00edculo. Por seguran\u00e7a, o tr\u00e1fego no sentido norte precisou ser totalmente bloqueado durante o atendimento da ocorr\u00eancia.<\/p>\n\n\n\n<p>Um guincho da concession\u00e1ria foi mobilizado para realizar o destombamento e reposicionamento da carreta. Ap\u00f3s a retirada do ve\u00edculo, equipes tamb\u00e9m atuaram na limpeza da pista.<\/p>\n\n\n\n<p>O tr\u00e1fego foi totalmente liberado por volta das 7h50.<\/p>\n\n\n\n<p>Gazatadigital<\/p>\n","protected":false},"excerpt":{"rendered":"<p>Uma carreta-tanque tombou na madrugada desta segunda-feira (9), no km 568 da BR-163, em Nova Mutum (264 km ao Norte), provocando a interdi\u00e7\u00e3o total da pista no sentido norte da rodovia. O caminhoneiro n\u00e3o teve ferimentos graves. De acordo com a Nova Rota do Oeste, a ocorr\u00eancia foi registrada por volta das 5h. O ve\u00edculo [&hellip;]<\/p>\n","protected":false},"author":2,"featured_media":20859,"comment_status":"closed","ping_status":"closed","sticky":false,"template":"","format":"standard","meta":{"_monsterinsights_skip_tracking":false,"_monsterinsights_sitenote_active":false,"_monsterinsights_sitenote_note":"","_monsterinsights_sitenote_category":0,"footnotes":""},"categories":[51,1],"tags":[],"_links":{"self":[{"href":"https:\/\/nazarenonews.com.br\/index.php\/wp-json\/wp\/v2\/posts\/20856"}],"collection":[{"href":"https:\/\/nazarenonews.com.br\/index.php\/wp-json\/wp\/v2\/posts"}],"about":[{"href":"https:\/\/nazarenonews.com.br\/index.php\/wp-json\/wp\/v2\/types\/post"}],"author":[{"embeddable":true,"href":"https:\/\/nazarenonews.com.br\/index.php\/wp-json\/wp\/v2\/users\/2"}],"replies":[{"embeddable":true,"href":"https:\/\/nazarenonews.com.br\/index.php\/wp-json\/wp\/v2\/comments?post=20856"}],"version-history":[{"count":1,"href":"https:\/\/nazarenonews.com.br\/index.php\/wp-json\/wp\/v2\/posts\/20856\/revisions"}],"predecessor-version":[{"id":20858,"href":"https:\/\/nazarenonews.com.br\/index.php\/wp-json\/wp\/v2\/posts\/20856\/revisions\/20858"}],"wp:featuredmedia":[{"embeddable":true,"href":"https:\/\/nazarenonews.com.br\/index.php\/wp-json\/wp\/v2\/media\/20859"}],"wp:attachment":[{"href":"https:\/\/nazarenonews.com.br\/index.php\/wp-json\/wp\/v2\/media?parent=20856"}],"wp:term":[{"taxonomy":"category","embeddable":true,"href":"https:\/\/nazarenonews.com.br\/index.php\/wp-json\/wp\/v2\/categories?post=20856"},{"taxonomy":"post_tag","embeddable":true,"href":"https:\/\/nazarenonews.com.br\/index.php\/wp-json\/wp\/v2\/tags?post=20856"}],"curies":[{"name":"wp","href":"https:\/\/api.w.org\/{rel}","templated":true}]}}