{"id":20853,"date":"2026-03-09T15:59:16","date_gmt":"2026-03-09T19:59:16","guid":{"rendered":"https:\/\/nazarenonews.com.br\/?p=20853"},"modified":"2026-03-09T15:59:18","modified_gmt":"2026-03-09T19:59:18","slug":"servidora-e-exonerada-de-prefeitura-em-mt-apos-ter-fala-homofobica-vazada","status":"publish","type":"post","link":"https:\/\/nazarenonews.com.br\/index.php\/2026\/03\/09\/servidora-e-exonerada-de-prefeitura-em-mt-apos-ter-fala-homofobica-vazada\/","title":{"rendered":"Servidora \u00e9 exonerada de prefeitura em MT ap\u00f3s ter fala homof\u00f3bica vazada"},"content":{"rendered":"\n<p>A servidora p\u00fablica<strong>&nbsp;Evirlene Sipauba Costa (PL)&nbsp;<\/strong>foi exonerada do cargo de secret\u00e1ria municipal de Cultura, que ocupava em&nbsp;<a class=\"\" href=\"https:\/\/g1.globo.com\/mt\/mato-grosso\/cidade\/confresa\/\">Confresa<\/a>, a 1.160 km de Cuiab\u00e1, ap\u00f3s ter um \u00e1udio em que ela critica a participa\u00e7\u00e3o do vereador Marcelo Souza (MDB)&nbsp;em uma palestra para mulheres por ele ser homossexual&nbsp;vazado nas redes sociais. A exonera\u00e7\u00e3o foi publicada em uma portaria do munic\u00edpio, na \u00faltima sexta-feira (6).<\/p>\n\n\n\n<p>O<a class=\"\" href=\"https:\/\/g1.globo.com\/mt\/mato-grosso\/\"><strong>\u00a0g1\u00a0<\/strong><\/a>entrou em contato com a Prefeitura de Confresa e com a ex-servidora, mas n\u00e3o obteve retorno de nenhuma das partes at\u00e9 a \u00faltima atualiza\u00e7\u00e3o desta reportagem.<\/p>\n\n\n\n<p>No documento, assinado pelo prefeito Ricardo Aloisio Babinski (MDB), foi determinado que Evirlene fosse desligada do cargo a partir da publica\u00e7\u00e3o da portaria. A decis\u00e3o revogou qualquer ato anterior que mantivesse a servidora no cargo.<\/p>\n\n\n\n<p>O \u00e1udio da secret\u00e1ria foi gravado ap\u00f3s um evento voltado para mulheres do agroneg\u00f3cio, realizado em Confresa h\u00e1 tr\u00eas dias em comemora\u00e7\u00e3o ao Dia Internacional da Mulher. Na grava\u00e7\u00e3o, Evirlene questiona a participa\u00e7\u00e3o do palestrante dizendo que &#8220;ele nem gosta de mulher&#8221;.<\/p>\n\n\n\n<p><strong>\u201cE esse evento para mulheres do agro que eu n\u00e3o estava sabendo e eu gostaria de estar a\u00ed? O palestrante que t\u00e1 meio assim \u2018torto\u2019. N\u00e3o entendi, um homem que nem gosta de mulher, casada com outro, e palestrando para as mulheres. Onde que a gente chegou?\u201d, disse ela no \u00e1udio.<\/strong><\/p>\n\n\n\n<p>Nas redes sociais, o vereador publicou uma nota de rep\u00fadio \u00e0s declara\u00e7\u00f5es da ent\u00e3o secret\u00e1ria de Cultura, classificando o \u00e1udio como<strong>&nbsp;\u201cinaceit\u00e1vel e discriminat\u00f3rio\u201d<\/strong>. Ele refor\u00e7ou que coment\u00e1rios desse tipo v\u00e3o contra os princ\u00edpios de respeito e diversidade que devem nortear o servi\u00e7o p\u00fablico e a conviv\u00eancia democr\u00e1tica entre os poderes.<\/p>\n\n\n\n<p>O parlamentar tamb\u00e9m destacou que a C\u00e2mara Municipal de Confresa aprovou por unanimidade uma Mo\u00e7\u00e3o de Rep\u00fadio contra as declara\u00e7\u00f5es homof\u00f3bicas de Evirlene e ainda ressaltou que esse tipo de atitude n\u00e3o combina com o exerc\u00edcio de uma fun\u00e7\u00e3o p\u00fablica.<\/p>\n\n\n\n<p><strong>\u201c\u00c9 inadmiss\u00edvel que um agente p\u00fablico investido em fun\u00e7\u00e3o de dire\u00e7\u00e3o na Administra\u00e7\u00e3o, respons\u00e1vel por conduzir pol\u00edticas p\u00fablicas culturais que devem promover diversidade, inclus\u00e3o, respeito e valoriza\u00e7\u00e3o das diferen\u00e7as, se utilize de manifesta\u00e7\u00f5es discriminat\u00f3rias ou ofensivas contra qualquer cidad\u00e3o, sobretudo quando dirigidas a membro do Poder Legislativo Municipal\u201d, diz trecho da Mo\u00e7\u00e3o de Rep\u00fadio.<\/strong><\/p>\n\n\n\n<p>g1-MT<\/p>\n\n\n\n<p><\/p>\n","protected":false},"excerpt":{"rendered":"<p>A servidora p\u00fablica&nbsp;Evirlene Sipauba Costa (PL)&nbsp;foi exonerada do cargo de secret\u00e1ria municipal de Cultura, que ocupava em&nbsp;Confresa, a 1.160 km de Cuiab\u00e1, ap\u00f3s ter um \u00e1udio em que ela critica a participa\u00e7\u00e3o do vereador Marcelo Souza (MDB)&nbsp;em uma palestra para mulheres por ele ser homossexual&nbsp;vazado nas redes sociais. A exonera\u00e7\u00e3o foi publicada em uma portaria [&hellip;]<\/p>\n","protected":false},"author":2,"featured_media":20854,"comment_status":"closed","ping_status":"closed","sticky":false,"template":"","format":"standard","meta":{"_monsterinsights_skip_tracking":false,"_monsterinsights_sitenote_active":false,"_monsterinsights_sitenote_note":"","_monsterinsights_sitenote_category":0,"footnotes":""},"categories":[1],"tags":[],"_links":{"self":[{"href":"https:\/\/nazarenonews.com.br\/index.php\/wp-json\/wp\/v2\/posts\/20853"}],"collection":[{"href":"https:\/\/nazarenonews.com.br\/index.php\/wp-json\/wp\/v2\/posts"}],"about":[{"href":"https:\/\/nazarenonews.com.br\/index.php\/wp-json\/wp\/v2\/types\/post"}],"author":[{"embeddable":true,"href":"https:\/\/nazarenonews.com.br\/index.php\/wp-json\/wp\/v2\/users\/2"}],"replies":[{"embeddable":true,"href":"https:\/\/nazarenonews.com.br\/index.php\/wp-json\/wp\/v2\/comments?post=20853"}],"version-history":[{"count":1,"href":"https:\/\/nazarenonews.com.br\/index.php\/wp-json\/wp\/v2\/posts\/20853\/revisions"}],"predecessor-version":[{"id":20855,"href":"https:\/\/nazarenonews.com.br\/index.php\/wp-json\/wp\/v2\/posts\/20853\/revisions\/20855"}],"wp:featuredmedia":[{"embeddable":true,"href":"https:\/\/nazarenonews.com.br\/index.php\/wp-json\/wp\/v2\/media\/20854"}],"wp:attachment":[{"href":"https:\/\/nazarenonews.com.br\/index.php\/wp-json\/wp\/v2\/media?parent=20853"}],"wp:term":[{"taxonomy":"category","embeddable":true,"href":"https:\/\/nazarenonews.com.br\/index.php\/wp-json\/wp\/v2\/categories?post=20853"},{"taxonomy":"post_tag","embeddable":true,"href":"https:\/\/nazarenonews.com.br\/index.php\/wp-json\/wp\/v2\/tags?post=20853"}],"curies":[{"name":"wp","href":"https:\/\/api.w.org\/{rel}","templated":true}]}}