{"id":20850,"date":"2026-03-09T15:56:09","date_gmt":"2026-03-09T19:56:09","guid":{"rendered":"https:\/\/nazarenonews.com.br\/?p=20850"},"modified":"2026-03-09T15:56:12","modified_gmt":"2026-03-09T19:56:12","slug":"juiza-condena-ex-fiscais-da-ager-por-cobrar-propina-para-aliviar-multas-de-empresa-em-mt","status":"publish","type":"post","link":"https:\/\/nazarenonews.com.br\/index.php\/2026\/03\/09\/juiza-condena-ex-fiscais-da-ager-por-cobrar-propina-para-aliviar-multas-de-empresa-em-mt\/","title":{"rendered":"Ju\u00edza condena ex-fiscais da Ager por cobrar propina para &#8220;aliviar&#8221; multas de empresa em MT"},"content":{"rendered":"\n<p>Os ex-fiscais da Ag\u00eancia Reguladora de Servi\u00e7os Delegados do Estado de Mato Grosso (Ager-MT),&nbsp;<strong>Oneildo Vieira Ponde<\/strong>&nbsp;e&nbsp;<strong>Jos\u00e9 Guilherme dos Santos<\/strong>, foram condenados pela pr\u00e1tica de corrup\u00e7\u00e3o passiva majorada. A decis\u00e3o, proferida pela ju\u00edza Alethea Assun\u00e7\u00e3o Santos, da 7\u00aa Vara Criminal de Cuiab\u00e1, aponta que os servidores solicitavam vantagens indevidas para deixar de fiscalizar e autuar ve\u00edculos da empresa &#8220;Grupo Gold&#8221;.<\/p>\n\n\n\n<p id=\"p-rc_71e1bdf1e011ca15-16\">Oneildo Vieira Ponde recebeu a pena de 3 anos, 8 meses e 24 dias de reclus\u00e3o em regime semiaberto. J\u00e1 Jos\u00e9 Guilherme dos Santos foi condenado a 2 anos e 8 meses no regime aberto, com a pena privativa de liberdade substitu\u00edda por duas restritivas de direitos, uma vez que sua participa\u00e7\u00e3o foi comprovada em apenas um dos tr\u00eas fatos narrados na den\u00fancia.<\/p>\n\n\n\n<p>De acordo com os autos, o esquema envolvia desde pagamentos em dinheiro at\u00e9 o abastecimento de ve\u00edculos particulares dos fiscais em troca da omiss\u00e3o do dever funcional. Em um dos epis\u00f3dios, Oneildo foi preso em flagrante pelo Gaeco com R$ 4 mil em esp\u00e9cie. A defesa tentou anular o processo alegando que a situa\u00e7\u00e3o teria sido induzida pela v\u00edtima, mas a magistrada rejeitou a tese de flagrante preparado.<\/p>\n\n\n\n<p>\u201c<em><strong>A atua\u00e7\u00e3o policial &#8211; tampouco da v\u00edtima, portanto, n\u00e3o foi de instiga\u00e7\u00e3o, mas de monitoramento de um encontro arranjado para a entrega de uma vantagem indevida que j\u00e1 havia sido solicitada pelos pr\u00f3prios agentes p\u00fablicos<\/strong><\/em>\u201d, afirmou a ju\u00edza na senten\u00e7a.<\/p>\n\n\n\n<p>A magistrada destacou ainda que o crime se consumou no momento da solicita\u00e7\u00e3o da propina.<\/p>\n\n\n\n<p>\u201c<em><strong>A conduta dos r\u00e9us, portanto, n\u00e3o se limitou \u00e0 mera solicita\u00e7\u00e3o ou recebimento da vantagem indevida, mas efetivamente resultou na omiss\u00e3o de ato de of\u00edcio, em flagrante viola\u00e7\u00e3o ao dever funcional e \u00e0 moralidade administrativa<\/strong><\/em>\u201d, completou.<\/p>\n\n\n\n<p>A ju\u00edza revogou a medida cautelar de afastamento do cargo, pontuando que eventuais irregularidades devem ser apuradas na via administrativa, e concedeu aos r\u00e9us o direito de recorrerem da senten\u00e7a em liberdade.<\/p>\n\n\n\n<p>Rep\u00f3rter MT<\/p>\n","protected":false},"excerpt":{"rendered":"<p>Os ex-fiscais da Ag\u00eancia Reguladora de Servi\u00e7os Delegados do Estado de Mato Grosso (Ager-MT),&nbsp;Oneildo Vieira Ponde&nbsp;e&nbsp;Jos\u00e9 Guilherme dos Santos, foram condenados pela pr\u00e1tica de corrup\u00e7\u00e3o passiva majorada. A decis\u00e3o, proferida pela ju\u00edza Alethea Assun\u00e7\u00e3o Santos, da 7\u00aa Vara Criminal de Cuiab\u00e1, aponta que os servidores solicitavam vantagens indevidas para deixar de fiscalizar e autuar ve\u00edculos [&hellip;]<\/p>\n","protected":false},"author":2,"featured_media":20851,"comment_status":"closed","ping_status":"closed","sticky":false,"template":"","format":"standard","meta":{"_monsterinsights_skip_tracking":false,"_monsterinsights_sitenote_active":false,"_monsterinsights_sitenote_note":"","_monsterinsights_sitenote_category":0,"footnotes":""},"categories":[1],"tags":[],"_links":{"self":[{"href":"https:\/\/nazarenonews.com.br\/index.php\/wp-json\/wp\/v2\/posts\/20850"}],"collection":[{"href":"https:\/\/nazarenonews.com.br\/index.php\/wp-json\/wp\/v2\/posts"}],"about":[{"href":"https:\/\/nazarenonews.com.br\/index.php\/wp-json\/wp\/v2\/types\/post"}],"author":[{"embeddable":true,"href":"https:\/\/nazarenonews.com.br\/index.php\/wp-json\/wp\/v2\/users\/2"}],"replies":[{"embeddable":true,"href":"https:\/\/nazarenonews.com.br\/index.php\/wp-json\/wp\/v2\/comments?post=20850"}],"version-history":[{"count":1,"href":"https:\/\/nazarenonews.com.br\/index.php\/wp-json\/wp\/v2\/posts\/20850\/revisions"}],"predecessor-version":[{"id":20852,"href":"https:\/\/nazarenonews.com.br\/index.php\/wp-json\/wp\/v2\/posts\/20850\/revisions\/20852"}],"wp:featuredmedia":[{"embeddable":true,"href":"https:\/\/nazarenonews.com.br\/index.php\/wp-json\/wp\/v2\/media\/20851"}],"wp:attachment":[{"href":"https:\/\/nazarenonews.com.br\/index.php\/wp-json\/wp\/v2\/media?parent=20850"}],"wp:term":[{"taxonomy":"category","embeddable":true,"href":"https:\/\/nazarenonews.com.br\/index.php\/wp-json\/wp\/v2\/categories?post=20850"},{"taxonomy":"post_tag","embeddable":true,"href":"https:\/\/nazarenonews.com.br\/index.php\/wp-json\/wp\/v2\/tags?post=20850"}],"curies":[{"name":"wp","href":"https:\/\/api.w.org\/{rel}","templated":true}]}}