{"id":20840,"date":"2026-03-09T06:59:17","date_gmt":"2026-03-09T10:59:17","guid":{"rendered":"https:\/\/nazarenonews.com.br\/?p=20840"},"modified":"2026-03-09T06:59:17","modified_gmt":"2026-03-09T10:59:17","slug":"boi-gordo-hoje-confira-as-cotacoes-para-esta-segunda-feira-9","status":"publish","type":"post","link":"https:\/\/nazarenonews.com.br\/index.php\/2026\/03\/09\/boi-gordo-hoje-confira-as-cotacoes-para-esta-segunda-feira-9\/","title":{"rendered":"Boi gordo hoje: confira as cota\u00e7\u00f5es para esta\u00a0segunda-feira (9)"},"content":{"rendered":"\n<p>O pre\u00e7o do su\u00edno vivo apresenta estabilidade em MG, PR e SP; o frango resfriado e o congelado tamb\u00e9m apresentam estabilidade<\/p>\n\n\n\n<p>Data de publica\u00e7\u00e3o: 09 de Mar\u00e7o de 2026, 04:05h<\/p>\n\n\n\n<p>O pre\u00e7o do&nbsp;<strong>boi gordo<\/strong>&nbsp;abre esta&nbsp;<strong>segunda-feira (9)<\/strong>&nbsp;em&nbsp;<strong>baixa<\/strong>&nbsp;de<strong>&nbsp;0,36%.&nbsp;<\/strong>A arroba \u00e9 negociada a<strong>&nbsp;R$ 346,05<\/strong>, no estado de S\u00e3o Paulo.<\/p>\n\n\n\n<p><strong>INDICADOR DO BOI GORDO CEPEA\/ESALQ<\/strong><\/p>\n\n\n\n<figure class=\"wp-block-table\"><table><thead><tr><th>DATA<\/th><th>VALOR R$*<\/th><th>VAR.\/DIA<\/th><th>VAR.\/M\u00caS<\/th><th>VALOR US$*<\/th><\/tr><\/thead><tbody><tr><td>06\/03\/2026<\/td><td>346,05<\/td><td>-0,36%<\/td><td>-2,01%<\/td><td>65,91<\/td><\/tr><tr><td>05\/03\/2026<\/td><td>347,30<\/td><td>-0,39%<\/td><td>-1,66%<\/td><td>65,75<\/td><\/tr><tr><td>04\/03\/2026<\/td><td>348,65<\/td><td>-0,53%<\/td><td>-1,27%<\/td><td>66,80<\/td><\/tr><tr><td>03\/03\/2026<\/td><td>350,50<\/td><td>-0,74%<\/td><td>-0,75%<\/td><td>66,50<\/td><\/tr><tr><td>02\/03\/2026<\/td><td>353,10<\/td><td>-0,01%<\/td><td>-0,01%<\/td><td>68,31<\/td><\/tr><\/tbody><\/table><\/figure>\n\n\n\n<h2 class=\"wp-block-heading\">Pre\u00e7o do frango congelado e resfriado<\/h2>\n\n\n\n<p>Nos atacados da Grande S\u00e3o Paulo, S\u00e3o Jos\u00e9 do Rio Preto e Descalvado, os pre\u00e7os do&nbsp;<strong>frango congelado<\/strong>&nbsp;apresentaram&nbsp;<strong>estabilidade<\/strong>, assim como os&nbsp;do&nbsp;<strong>frango resfriado<\/strong>.&nbsp;A primeira mercadoria \u00e9 vendida a<strong>&nbsp;R$ 7,06<\/strong>, enquanto a segunda \u00e9 comercializada a&nbsp;<strong>R$ 7,10<\/strong>.<\/p>\n\n\n\n<p><strong>PRE\u00c7OS DO FRANGO CONGELADO CEPEA\/ESALQ &#8211; ESTADO SP&nbsp;<\/strong><\/p>\n\n\n\n<figure class=\"wp-block-table\"><table><thead><tr><th>DATA<\/th><th>VALOR R$<\/th><th>VAR.\/DIA<\/th><th>VAR.\/M\u00caS<\/th><\/tr><\/thead><tbody><tr><td>06\/03\/2026<\/td><td>7,06<\/td><td>0,00%<\/td><td>-2,75%<\/td><\/tr><tr><td>05\/03\/2026<\/td><td>7,06<\/td><td>0,00%<\/td><td>-2,75%<\/td><\/tr><tr><td>04\/03\/2026<\/td><td>7,06<\/td><td>-0,14%<\/td><td>-2,75%<\/td><\/tr><tr><td>03\/03\/2026<\/td><td>7,07<\/td><td>-0,70%<\/td><td>-2,62%<\/td><\/tr><tr><td>02\/03\/2026<\/td><td>7,12<\/td><td>-1,93%<\/td><td>-1,93%<\/td><\/tr><\/tbody><\/table><\/figure>\n\n\n\n<p><strong>PRE\u00c7OS DO FRANGO RESFRIADO CEPEA\/ESALQ &#8211; ESTADO SP<\/strong><\/p>\n\n\n\n<figure class=\"wp-block-table\"><table><thead><tr><th>DATA<\/th><th>VALOR R$<\/th><th>VAR.\/DIA<\/th><th>VAR.\/M\u00caS<\/th><\/tr><\/thead><tbody><tr><td>06\/03\/2026<\/td><td>7,10<\/td><td>0,00%<\/td><td>-2,87%<\/td><\/tr><tr><td>05\/03\/2026<\/td><td>7,10<\/td><td>0,00%<\/td><td>-2,87%<\/td><\/tr><tr><td>04\/03\/2026<\/td><td>7,10<\/td><td>-0,14%<\/td><td>-2,87%<\/td><\/tr><tr><td>03\/03\/2026<\/td><td>7,11<\/td><td>-0,84%<\/td><td>-2,74%<\/td><\/tr><tr><td>02\/03\/2026<\/td><td>7,17<\/td><td>-1,92%<\/td><td>-1,92%<\/td><\/tr><\/tbody><\/table><\/figure>\n\n\n\n<h2 class=\"wp-block-heading\">Pre\u00e7o da carca\u00e7a su\u00edna especial e do su\u00edno vivo<\/h2>\n\n\n\n<p>A&nbsp;<strong>carca\u00e7a su\u00edna especial&nbsp;<\/strong>tamb\u00e9m volta a apontar<strong>&nbsp;valoriza\u00e7\u00e3o de 0,40%<\/strong>&nbsp;no pre\u00e7o<strong>,<\/strong>&nbsp;sendo negociada a&nbsp;<strong>R$ 10,00&nbsp;<\/strong>por quilo, nos atacados da Grande S\u00e3o Paulo.<\/p>\n\n\n\n<p><strong>PRE\u00c7OS DA CARCA\u00c7A SU\u00cdNA ESPECIAL (R$\/kg)<\/strong><\/p>\n\n\n\n<figure class=\"wp-block-table\"><table><thead><tr><th>DATA<\/th><th>M\u00c9DIA<\/th><th>VAR.\/DIA<\/th><th>VAR.\/M\u00caS<\/th><\/tr><\/thead><tbody><tr><td>06\/03\/2026<\/td><td>10,00<\/td><td>0,40%<\/td><td>-0,99%<\/td><\/tr><tr><td>05\/03\/2026<\/td><td>9,96<\/td><td>-2,45%<\/td><td>-1,39%<\/td><\/tr><tr><td>04\/03\/2026<\/td><td>10,21<\/td><td>0,20%<\/td><td>1,09%<\/td><\/tr><tr><td>03\/03\/2026<\/td><td>10,19<\/td><td>0,00%<\/td><td>0,89%<\/td><\/tr><tr><td>02\/03\/2026<\/td><td>10,19<\/td><td>0,89%<\/td><td>0,89%<\/td><\/tr><\/tbody><\/table><\/figure>\n\n\n\n<p>O pre\u00e7o do&nbsp;<strong>su\u00edno vivo<\/strong>&nbsp;registra&nbsp;<strong>estabilidade<\/strong>&nbsp;em&nbsp;<strong>Minas Gerais<\/strong>, no&nbsp;<strong>Paran\u00e1&nbsp;<\/strong>e&nbsp;em&nbsp;<strong>S\u00e3o<\/strong>&nbsp;<strong>Paulo<\/strong>&nbsp;e&nbsp;<strong>valoriza\u00e7\u00e3o de 0,45%&nbsp;<\/strong>no&nbsp;<strong>Rio Grande do Sul&nbsp;<\/strong>e<strong>&nbsp;de 1,84%&nbsp;<\/strong>em&nbsp;<strong>Santa Catarina<\/strong>. As mercadorias variam entre&nbsp;<strong>R$ 6,63<\/strong>&nbsp;e&nbsp;<strong>R$ 6,95<\/strong>.<\/p>\n\n\n\n<p><strong>INDICADOR DO SU\u00cdNO VIVO CEPEA\/ESALQ (R$\/kg)&nbsp;<\/strong><\/p>\n\n\n\n<figure class=\"wp-block-table\"><table><thead><tr><th>&nbsp;<\/th><th>ESTADO<\/th><th>VALOR R$*<\/th><th>VAR.\/DIA<\/th><th>VAR.\/M\u00caS<\/th><\/tr><\/thead><tbody><tr><td>06\/03\/2026<\/td><td>MG &#8211; posto<\/td><td>6,76<\/td><td>0,00%<\/td><td>0,00%<\/td><\/tr><tr><td>06\/03\/2026<\/td><td>PR &#8211; a retirar<\/td><td>6,71<\/td><td>0,00%<\/td><td>1,82%<\/td><\/tr><tr><td>06\/03\/2026<\/td><td>RS &#8211; a retirar<\/td><td>6,77<\/td><td>0,45%<\/td><td>0,59%<\/td><\/tr><tr><td>06\/03\/2026<\/td><td>SC &#8211; a retirar<\/td><td>6,63<\/td><td>1,84%<\/td><td>1,84%<\/td><\/tr><tr><td>06\/03\/2026<\/td><td>SP &#8211; posto<\/td><td>6,95<\/td><td>0,00%<\/td><td>0,72%<\/td><\/tr><\/tbody><\/table><\/figure>\n\n\n\n<p>Os valores s\u00e3o do&nbsp;<a href=\"http:\/\/www.cepea.org.br\/\" target=\"_blank\" rel=\"noreferrer noopener\"><strong>Cepea<\/strong><\/a>.<\/p>\n\n\n\n<h2 class=\"wp-block-heading\">O que \u00e9 o boi gordo? Entenda o termo do mercado bovino<\/h2>\n\n\n\n<p>O&nbsp;<strong>boi gordo \u00e9 o bovino macho pronto para o abate, com peso m\u00ednimo de 16 arrobas l\u00edquidas de carca\u00e7a (aproximadamente 240 kg) e at\u00e9 42 meses de idade<\/strong>. Atende aos padr\u00f5es do mercado nacional e internacional, incluindo exporta\u00e7\u00f5es para Europa, China e cota Hilton.<\/p>\n\n\n\n<h2 class=\"wp-block-heading\">Diferen\u00e7as entre frango congelado e frango resfriado<\/h2>\n\n\n\n<p>O<strong>&nbsp;frango congelado passa por congelamento r\u00e1pido, com temperaturas abaixo de -12\u00b0C<\/strong>, garantindo maior vida \u00fatil para armazenamento e transporte a longas dist\u00e2ncias. J\u00e1 o<strong>&nbsp;frango resfriado \u00e9 mantido entre 0\u00b0C e 4\u00b0C, com validade de 5 a 7 dias<\/strong>, oferecendo textura e sabor mais pr\u00f3ximos do fresco, ideal para consumidores exigentes e restaurantes.<\/p>\n","protected":false},"excerpt":{"rendered":"<p>O pre\u00e7o do su\u00edno vivo apresenta estabilidade em MG, PR e SP; o frango resfriado e o congelado tamb\u00e9m apresentam estabilidade Data de publica\u00e7\u00e3o: 09 de Mar\u00e7o de 2026, 04:05h O pre\u00e7o do&nbsp;boi gordo&nbsp;abre esta&nbsp;segunda-feira (9)&nbsp;em&nbsp;baixa&nbsp;de&nbsp;0,36%.&nbsp;A arroba \u00e9 negociada a&nbsp;R$ 346,05, no estado de S\u00e3o Paulo. INDICADOR DO BOI GORDO CEPEA\/ESALQ DATA VALOR R$* VAR.\/DIA [&hellip;]<\/p>\n","protected":false},"author":2,"featured_media":19806,"comment_status":"closed","ping_status":"closed","sticky":false,"template":"","format":"standard","meta":{"_monsterinsights_skip_tracking":false,"_monsterinsights_sitenote_active":false,"_monsterinsights_sitenote_note":"","_monsterinsights_sitenote_category":0,"footnotes":""},"categories":[54],"tags":[],"_links":{"self":[{"href":"https:\/\/nazarenonews.com.br\/index.php\/wp-json\/wp\/v2\/posts\/20840"}],"collection":[{"href":"https:\/\/nazarenonews.com.br\/index.php\/wp-json\/wp\/v2\/posts"}],"about":[{"href":"https:\/\/nazarenonews.com.br\/index.php\/wp-json\/wp\/v2\/types\/post"}],"author":[{"embeddable":true,"href":"https:\/\/nazarenonews.com.br\/index.php\/wp-json\/wp\/v2\/users\/2"}],"replies":[{"embeddable":true,"href":"https:\/\/nazarenonews.com.br\/index.php\/wp-json\/wp\/v2\/comments?post=20840"}],"version-history":[{"count":1,"href":"https:\/\/nazarenonews.com.br\/index.php\/wp-json\/wp\/v2\/posts\/20840\/revisions"}],"predecessor-version":[{"id":20841,"href":"https:\/\/nazarenonews.com.br\/index.php\/wp-json\/wp\/v2\/posts\/20840\/revisions\/20841"}],"wp:featuredmedia":[{"embeddable":true,"href":"https:\/\/nazarenonews.com.br\/index.php\/wp-json\/wp\/v2\/media\/19806"}],"wp:attachment":[{"href":"https:\/\/nazarenonews.com.br\/index.php\/wp-json\/wp\/v2\/media?parent=20840"}],"wp:term":[{"taxonomy":"category","embeddable":true,"href":"https:\/\/nazarenonews.com.br\/index.php\/wp-json\/wp\/v2\/categories?post=20840"},{"taxonomy":"post_tag","embeddable":true,"href":"https:\/\/nazarenonews.com.br\/index.php\/wp-json\/wp\/v2\/tags?post=20840"}],"curies":[{"name":"wp","href":"https:\/\/api.w.org\/{rel}","templated":true}]}}