{"id":20835,"date":"2026-03-09T06:56:38","date_gmt":"2026-03-09T10:56:38","guid":{"rendered":"https:\/\/nazarenonews.com.br\/?p=20835"},"modified":"2026-03-09T09:56:38","modified_gmt":"2026-03-09T13:56:38","slug":"lula-esta-cercado-de-escandalos-o-pt-exala-cheiro-de-podridao","status":"publish","type":"post","link":"https:\/\/nazarenonews.com.br\/index.php\/2026\/03\/09\/lula-esta-cercado-de-escandalos-o-pt-exala-cheiro-de-podridao\/","title":{"rendered":"\u201cLula est\u00e1 cercado de esc\u00e2ndalos; o PT exala cheiro de podrid\u00e3o\u201d"},"content":{"rendered":"\n<p>O deputado federal Coronel Assis (Uni\u00e3o Brasil) refor\u00e7ou o tom das cr\u00edticas contra o Governo Lula e o PT ao apontar a liga\u00e7\u00e3o do partido e do presidente aos esc\u00e2ndalos pol\u00edticos e \u00e0 corrup\u00e7\u00e3o recente no Brasil.<\/p>\n\n\n\n<p>Ele diz que a opini\u00e3o p\u00fablica e parlamentares da oposi\u00e7\u00e3o querem respostas, por exemplo, sobre as viagens pagas pelo chamado careca do INSS, o lobista Antonio Carlos Camilo Antunes, ao filho do presidente Lula, o Lulinha.<\/p>\n\n\n\n<p>O careca est\u00e1 preso desde setembro de 2025 por conta do esc\u00e2ndalo do desconto indevido dos aposentados e pensionistas do INSS. O tema \u00e9 investigado por uma Comiss\u00e3o Parlamentar Mista de Inqu\u00e9rito (CPMI), que re\u00fane deputados e senadores, no Congresso Nacional.<\/p>\n\n\n\n<p>\u201cCom todo o respeito \u00e0 figura de um Governo do pa\u00eds, mas o cheiro da podrid\u00e3o, da corrup\u00e7\u00e3o, ele exala toda vez que eles est\u00e3o \u00e0 frente do poder\u201d, lamentou em entrevista ao\u00a0<strong>MidiaNews<\/strong>.<\/p>\n\n\n\n<p>&#8220;<\/p>\n\n\n\n<p>Teve um determinado per\u00edodo em que a CPMI deu uma esfriada. O que eu sei \u00e9 que esse Governo do Lula hoje que estamos vendo \u00e9 um Governo que est\u00e1 cercado de esc\u00e2ndalos\u201d, afirmou o deputado.<\/p>\n\n\n\n<p>Vice-l\u00edder da oposi\u00e7\u00e3o, Coronel Assis, defende uma legisla\u00e7\u00e3o mais dura contra crimes em geral, principalmente feminic\u00eddio, com referendo e mudan\u00e7a em cl\u00e1usulas p\u00e9treas da Constitui\u00e7\u00e3o. &#8220;Vamos convocar uma constituinte e vamos derrubar a cl\u00e1usula p\u00e9trea. Vamos abrir um referendo&#8221;, prop\u00f4s. &#8220;Um referendo para falar para o nosso p\u00fablico: voc\u00ea \u00e9 a favor ou voc\u00ea \u00e9 contra pris\u00e3o perp\u00e9tua?&#8221;.<\/p>\n\n\n\n<p>O parlamentar ainda afirma que os mato-grossenses t\u00eam sentido o aumento do custo de vida por conta da pol\u00edtica econ\u00f4mica liderada por Lula e seus ministros. Ele citou a recente reforma tribut\u00e1ria do Governo, que aumentou o imposto de servi\u00e7o de 5% para 25%. \u201cN\u00e3o existe almo\u00e7o gr\u00e1tis na pol\u00edtica. A m\u00e1quina do PT \u00e9 inchada, \u00e9 cheia de cargos, \u00e9 cheia de minist\u00e9rios e eles gastam desmedidamente\u201d, comparou.<\/p>\n\n\n\n<p>Nesta entrevista, Coronel Assis confirma sua filia\u00e7\u00e3o ao PL e critica o STF. \u201cN\u00f3s n\u00e3o precisamos de um Judici\u00e1rio perseguidor, n\u00f3s precisamos de um Judici\u00e1rio justo\u201d. E fala dos esfor\u00e7os para organizar a campanha de Fl\u00e1vio Bolsonaro a presidente no Estado.\u00a0<\/p>\n\n\n\n<p>Midianews<\/p>\n","protected":false},"excerpt":{"rendered":"<p>O deputado federal Coronel Assis (Uni\u00e3o Brasil) refor\u00e7ou o tom das cr\u00edticas contra o Governo Lula e o PT ao apontar a liga\u00e7\u00e3o do partido e do presidente aos esc\u00e2ndalos pol\u00edticos e \u00e0 corrup\u00e7\u00e3o recente no Brasil. Ele diz que a opini\u00e3o p\u00fablica e parlamentares da oposi\u00e7\u00e3o querem respostas, por exemplo, sobre as viagens pagas [&hellip;]<\/p>\n","protected":false},"author":2,"featured_media":20844,"comment_status":"closed","ping_status":"closed","sticky":false,"template":"","format":"standard","meta":{"_monsterinsights_skip_tracking":false,"_monsterinsights_sitenote_active":false,"_monsterinsights_sitenote_note":"","_monsterinsights_sitenote_category":0,"footnotes":""},"categories":[1],"tags":[],"_links":{"self":[{"href":"https:\/\/nazarenonews.com.br\/index.php\/wp-json\/wp\/v2\/posts\/20835"}],"collection":[{"href":"https:\/\/nazarenonews.com.br\/index.php\/wp-json\/wp\/v2\/posts"}],"about":[{"href":"https:\/\/nazarenonews.com.br\/index.php\/wp-json\/wp\/v2\/types\/post"}],"author":[{"embeddable":true,"href":"https:\/\/nazarenonews.com.br\/index.php\/wp-json\/wp\/v2\/users\/2"}],"replies":[{"embeddable":true,"href":"https:\/\/nazarenonews.com.br\/index.php\/wp-json\/wp\/v2\/comments?post=20835"}],"version-history":[{"count":1,"href":"https:\/\/nazarenonews.com.br\/index.php\/wp-json\/wp\/v2\/posts\/20835\/revisions"}],"predecessor-version":[{"id":20837,"href":"https:\/\/nazarenonews.com.br\/index.php\/wp-json\/wp\/v2\/posts\/20835\/revisions\/20837"}],"wp:featuredmedia":[{"embeddable":true,"href":"https:\/\/nazarenonews.com.br\/index.php\/wp-json\/wp\/v2\/media\/20844"}],"wp:attachment":[{"href":"https:\/\/nazarenonews.com.br\/index.php\/wp-json\/wp\/v2\/media?parent=20835"}],"wp:term":[{"taxonomy":"category","embeddable":true,"href":"https:\/\/nazarenonews.com.br\/index.php\/wp-json\/wp\/v2\/categories?post=20835"},{"taxonomy":"post_tag","embeddable":true,"href":"https:\/\/nazarenonews.com.br\/index.php\/wp-json\/wp\/v2\/tags?post=20835"}],"curies":[{"name":"wp","href":"https:\/\/api.w.org\/{rel}","templated":true}]}}