{"id":20832,"date":"2026-03-09T06:53:27","date_gmt":"2026-03-09T10:53:27","guid":{"rendered":"https:\/\/nazarenonews.com.br\/?p=20832"},"modified":"2026-03-09T10:00:59","modified_gmt":"2026-03-09T14:00:59","slug":"brasil-perde-1-milhao-de-alunos-na-educacao-basica-a-maior-perda-em-20-anos","status":"publish","type":"post","link":"https:\/\/nazarenonews.com.br\/index.php\/2026\/03\/09\/brasil-perde-1-milhao-de-alunos-na-educacao-basica-a-maior-perda-em-20-anos\/","title":{"rendered":"Brasil perde 1 milh\u00e3o de alunos na educa\u00e7\u00e3o b\u00e1sica; a maior perda em 20 anos"},"content":{"rendered":"\n<p>O Brasil registrou a maior redu\u00e7\u00e3o de matr\u00edculas na educa\u00e7\u00e3o b\u00e1sica em quase duas d\u00e9cadas, segundo dados do Censo Escolar 2025 divulgados pelo&nbsp;Minist\u00e9rio da Educa\u00e7\u00e3o&nbsp;e pelo&nbsp;Instituto Nacional de Estudos e Pesquisas Educacionais An\u00edsio Teixeira&nbsp;(Inep). De 2024 para 2025, o total de alunos matriculados caiu de aproximadamente 47,09\u202fmilh\u00f5es para 46,02\u202fmilh\u00f5es, uma retra\u00e7\u00e3o de cerca de 1\u202fmilh\u00e3o de alunos, equivalente a uma queda de 2,3% no per\u00edodo.<\/p>\n\n\n\n<p>A redu\u00e7\u00e3o de matr\u00edculas se concentrou com mais intensidade no ensino m\u00e9dio, que registra a maior queda proporcional e motivou alertas sobre evas\u00e3o escolar e desigualdades no acesso e perman\u00eancia dos estudantes na escola.<\/p>\n\n\n\n<p>Apesar de o&nbsp;Minist\u00e9rio da Educa\u00e7\u00e3o&nbsp;apresentar explica\u00e7\u00f5es como mudan\u00e7as demogr\u00e1ficas,&nbsp;incluindo a diminui\u00e7\u00e3o da taxa de natalidade, e melhoria na efici\u00eancia do sistema educacional, com menos repet\u00eancia e distor\u00e7\u00e3o idade\u2011s\u00e9rie, o resultado levanta sinal de alerta sobre a necessidade de pol\u00edticas p\u00fablicas que garantam a perman\u00eancia dos jovens na escola.<\/p>\n\n\n\n<p>O cen\u00e1rio chama aten\u00e7\u00e3o para quest\u00f5es estruturais, como evas\u00e3o escolar, desigualdade social e os desafios da gest\u00e3o educa\u00e7\u00e3o b\u00e1sica, especialmente em um pa\u00eds onde o acesso \u00e0 escola j\u00e1 havia sido amplamente expandido nas \u00faltimas d\u00e9cadas.<\/p>\n\n\n\n<p>Com base nesses dados, gestores educacionais defendem a implementa\u00e7\u00e3o de medidas mais eficazes para enfrentar a queda de matr\u00edculas e assegurar que estudantes concluam a educa\u00e7\u00e3o b\u00e1sica, o que \u00e9 considerado fundamental para a forma\u00e7\u00e3o e inser\u00e7\u00e3o no mercado de trabalho no futuro.<\/p>\n\n\n\n<p>Folha do estado<\/p>\n","protected":false},"excerpt":{"rendered":"<p>O Brasil registrou a maior redu\u00e7\u00e3o de matr\u00edculas na educa\u00e7\u00e3o b\u00e1sica em quase duas d\u00e9cadas, segundo dados do Censo Escolar 2025 divulgados pelo&nbsp;Minist\u00e9rio da Educa\u00e7\u00e3o&nbsp;e pelo&nbsp;Instituto Nacional de Estudos e Pesquisas Educacionais An\u00edsio Teixeira&nbsp;(Inep). De 2024 para 2025, o total de alunos matriculados caiu de aproximadamente 47,09\u202fmilh\u00f5es para 46,02\u202fmilh\u00f5es, uma retra\u00e7\u00e3o de cerca de 1\u202fmilh\u00e3o [&hellip;]<\/p>\n","protected":false},"author":2,"featured_media":20845,"comment_status":"closed","ping_status":"closed","sticky":false,"template":"","format":"standard","meta":{"_monsterinsights_skip_tracking":false,"_monsterinsights_sitenote_active":false,"_monsterinsights_sitenote_note":"","_monsterinsights_sitenote_category":0,"footnotes":""},"categories":[1],"tags":[],"_links":{"self":[{"href":"https:\/\/nazarenonews.com.br\/index.php\/wp-json\/wp\/v2\/posts\/20832"}],"collection":[{"href":"https:\/\/nazarenonews.com.br\/index.php\/wp-json\/wp\/v2\/posts"}],"about":[{"href":"https:\/\/nazarenonews.com.br\/index.php\/wp-json\/wp\/v2\/types\/post"}],"author":[{"embeddable":true,"href":"https:\/\/nazarenonews.com.br\/index.php\/wp-json\/wp\/v2\/users\/2"}],"replies":[{"embeddable":true,"href":"https:\/\/nazarenonews.com.br\/index.php\/wp-json\/wp\/v2\/comments?post=20832"}],"version-history":[{"count":1,"href":"https:\/\/nazarenonews.com.br\/index.php\/wp-json\/wp\/v2\/posts\/20832\/revisions"}],"predecessor-version":[{"id":20834,"href":"https:\/\/nazarenonews.com.br\/index.php\/wp-json\/wp\/v2\/posts\/20832\/revisions\/20834"}],"wp:featuredmedia":[{"embeddable":true,"href":"https:\/\/nazarenonews.com.br\/index.php\/wp-json\/wp\/v2\/media\/20845"}],"wp:attachment":[{"href":"https:\/\/nazarenonews.com.br\/index.php\/wp-json\/wp\/v2\/media?parent=20832"}],"wp:term":[{"taxonomy":"category","embeddable":true,"href":"https:\/\/nazarenonews.com.br\/index.php\/wp-json\/wp\/v2\/categories?post=20832"},{"taxonomy":"post_tag","embeddable":true,"href":"https:\/\/nazarenonews.com.br\/index.php\/wp-json\/wp\/v2\/tags?post=20832"}],"curies":[{"name":"wp","href":"https:\/\/api.w.org\/{rel}","templated":true}]}}