{"id":2083,"date":"2024-08-09T13:37:39","date_gmt":"2024-08-09T17:37:39","guid":{"rendered":"https:\/\/nazarenonews.com.br\/?p=2083"},"modified":"2024-08-09T13:37:40","modified_gmt":"2024-08-09T17:37:40","slug":"aviao-com-62-pessoas-a-bordo-cai-em-vinhedo-no-interior-de-sp-video-mostra-queda","status":"publish","type":"post","link":"https:\/\/nazarenonews.com.br\/index.php\/2024\/08\/09\/aviao-com-62-pessoas-a-bordo-cai-em-vinhedo-no-interior-de-sp-video-mostra-queda\/","title":{"rendered":"Avi\u00e3o com 62 pessoas a bordo cai em Vinhedo, no interior de SP; v\u00eddeo mostra queda"},"content":{"rendered":"\n<p>G1<\/p>\n\n\n\n<p>Um avi\u00e3o com 58 passageiros e quatro tripulantes caiu na regi\u00e3o do bairro Capela, em&nbsp;<a class=\"\" href=\"https:\/\/g1.globo.com\/sp\/campinas-regiao\/cidade\/vinhedo\/\">Vinhedo (SP)<\/a>, no in\u00edcio da tarde desta sexta-feira (9).<\/p>\n\n\n\n<p>Segundo a Voepass Linhas A\u00e9reas, antiga Passaredo, companhia a\u00e9rea dona da aeronave, trata-se de um avi\u00e3o turbo\u00e9lice de passageiros, modelo ATR-72,\u00a0<a class=\"\" href=\"https:\/\/g1.globo.com\/sp\/campinas-regiao\/noticia\/2024\/08\/09\/aviao-que-caiu-em-vinhedo-sp-saiu-de-cascavel-pr-e-ia-para-guarulhos.ghtml\">que saiu de Cascavel (PR) com destino a Guarulhos (SP<\/a>). Ainda n\u00e3o h\u00e1 informa\u00e7\u00f5es de v\u00edtimas.<\/p>\n\n\n\n<p><strong>&#8220;A VOEPASS acionou todos os meios para apoiar os envolvidos. N\u00e3o h\u00e1 ainda confirma\u00e7\u00e3o de como ocorreu o acidente e nem da situa\u00e7\u00e3o atual das pessoas que estavam a bordo&#8221;, informou a Voepass.<\/strong><\/p>\n\n\n\n<p>A Pol\u00edcia Militar informou \u00e0&nbsp;<strong>EPTV&nbsp;<\/strong>que recebeu o chamado \u00e0s 13h28 na rua Jo\u00e3o Edueta, pr\u00f3ximo a rodovia Miguel Melhado de Campos (SP-324), e enviou equipes ao local. Segundo a Prefeitura de Vinhedo, o avi\u00e3o no condom\u00ednio residencial Recanto Florido.<\/p>\n\n\n\n<p>Hospitais de Vinhedo e Valinhos (SP), cidade vizinha, est\u00e3o sendo mobilizados para receber poss\u00edveis feridos. O Corpo de Bombeiros, a Defesa Civil e a Pol\u00edcia Militar est\u00e3o atendendo a ocorr\u00eancia no local.<\/p>\n\n\n\n<h2 class=\"wp-block-heading\">Nota companhia a\u00e9rea<\/h2>\n\n\n\n<p><em>A VOEPASS Linhas A\u00e9reas informa a ocorr\u00eancia de um acidente envolvendo o voo 2283- avi\u00e3o PS &#8211; VPB, nesta ter\u00e7a-feira, dia 09 de agosto, na regi\u00e3o de Vinhedo\/SP. A aeronave decolou de&nbsp;<\/em><a class=\"\" href=\"https:\/\/g1.globo.com\/ce\/ceara\/cidade\/cascavel-ce\/\"><em>Cascavel<\/em><\/a><em>\/PR com destino ao Aeroporto de&nbsp;<\/em><a class=\"\" href=\"https:\/\/g1.globo.com\/sp\/sao-paulo\/cidade\/guarulhos\/\"><em>Guarulhos<\/em><\/a><em>, com 58 passageiros e 4 tripulantes a bordo.<\/em><\/p>\n\n\n\n<p><em>A VOEPASS acionou todos os meios para apoiar os envolvidos. N\u00e3o h\u00e1 ainda confirma\u00e7\u00e3o de como ocorreu o acidente e nem da situa\u00e7\u00e3o atual das pessoas que estavam a bordo.<\/em><\/p>\n\n\n\n<p><em>A Companhia est\u00e1 prestando, pelo telefone 0800 9419712, dispon\u00edvel 24h, informa\u00e7\u00f5es a todos os seus passageiros, familiares e colaboradores.<\/em><\/p>\n\n\n\n<h2 class=\"wp-block-heading\">Nota aeroporto de Cascavel<\/h2>\n\n\n\n<p><em>A gest\u00e3o do Aeroporto Regional de Cascavel informa que aguarda informa\u00e7\u00f5es da companhia a\u00e9rea Passaredo que, no momento, \u00e9 o \u00fanico \u00f3rg\u00e3o que det\u00e9m informa\u00e7\u00f5es oficiais.<\/em><\/p>\n\n\n\n<p><em>Uma opera\u00e7\u00e3o padr\u00e3o de emerg\u00eancia regida pela equipe do Aeroporto est\u00e1 em curso para entrar em contato com as fam\u00edlias de poss\u00edveis v\u00edtimas.<\/em><\/p>\n\n\n\n<p><em>A aeronave que saiu do Aeroporto Regional de Cascavel com destino a Guarulhos, caiu cidade de Vinhedo, S\u00e3o Paulo, na tarde desta sexta-feira (9).<\/em><\/p>\n\n\n\n<h2 class=\"wp-block-heading\">A aeronave<\/h2>\n\n\n\n<p>Segundo a Anac, o ATR-72 \u00e9 um avi\u00e3o bimotor de passageiros com capacidade para 68 passageiros.<\/p>\n","protected":false},"excerpt":{"rendered":"<p>G1 Um avi\u00e3o com 58 passageiros e quatro tripulantes caiu na regi\u00e3o do bairro Capela, em&nbsp;Vinhedo (SP), no in\u00edcio da tarde desta sexta-feira (9). Segundo a Voepass Linhas A\u00e9reas, antiga Passaredo, companhia a\u00e9rea dona da aeronave, trata-se de um avi\u00e3o turbo\u00e9lice de passageiros, modelo ATR-72,\u00a0que saiu de Cascavel (PR) com destino a Guarulhos (SP). Ainda [&hellip;]<\/p>\n","protected":false},"author":2,"featured_media":2084,"comment_status":"closed","ping_status":"closed","sticky":false,"template":"","format":"standard","meta":{"_monsterinsights_skip_tracking":false,"_monsterinsights_sitenote_active":false,"_monsterinsights_sitenote_note":"","_monsterinsights_sitenote_category":0,"footnotes":""},"categories":[1],"tags":[],"_links":{"self":[{"href":"https:\/\/nazarenonews.com.br\/index.php\/wp-json\/wp\/v2\/posts\/2083"}],"collection":[{"href":"https:\/\/nazarenonews.com.br\/index.php\/wp-json\/wp\/v2\/posts"}],"about":[{"href":"https:\/\/nazarenonews.com.br\/index.php\/wp-json\/wp\/v2\/types\/post"}],"author":[{"embeddable":true,"href":"https:\/\/nazarenonews.com.br\/index.php\/wp-json\/wp\/v2\/users\/2"}],"replies":[{"embeddable":true,"href":"https:\/\/nazarenonews.com.br\/index.php\/wp-json\/wp\/v2\/comments?post=2083"}],"version-history":[{"count":1,"href":"https:\/\/nazarenonews.com.br\/index.php\/wp-json\/wp\/v2\/posts\/2083\/revisions"}],"predecessor-version":[{"id":2085,"href":"https:\/\/nazarenonews.com.br\/index.php\/wp-json\/wp\/v2\/posts\/2083\/revisions\/2085"}],"wp:featuredmedia":[{"embeddable":true,"href":"https:\/\/nazarenonews.com.br\/index.php\/wp-json\/wp\/v2\/media\/2084"}],"wp:attachment":[{"href":"https:\/\/nazarenonews.com.br\/index.php\/wp-json\/wp\/v2\/media?parent=2083"}],"wp:term":[{"taxonomy":"category","embeddable":true,"href":"https:\/\/nazarenonews.com.br\/index.php\/wp-json\/wp\/v2\/categories?post=2083"},{"taxonomy":"post_tag","embeddable":true,"href":"https:\/\/nazarenonews.com.br\/index.php\/wp-json\/wp\/v2\/tags?post=2083"}],"curies":[{"name":"wp","href":"https:\/\/api.w.org\/{rel}","templated":true}]}}