{"id":20823,"date":"2026-03-08T11:53:53","date_gmt":"2026-03-08T15:53:53","guid":{"rendered":"https:\/\/nazarenonews.com.br\/?p=20823"},"modified":"2026-03-08T11:53:53","modified_gmt":"2026-03-08T15:53:53","slug":"ira-anuncia-escolha-de-novo-lider-supremo-sucessor-de-khamenei","status":"publish","type":"post","link":"https:\/\/nazarenonews.com.br\/index.php\/2026\/03\/08\/ira-anuncia-escolha-de-novo-lider-supremo-sucessor-de-khamenei\/","title":{"rendered":"Ir\u00e3 anuncia escolha de novo l\u00edder supremo, sucessor de Khamenei"},"content":{"rendered":"\n<p>O regime do Ir\u00e3 anunciou neste domingo (8) que um novo l\u00edder supremo foi escolhido para suceder Ali Khamenei, morto ap\u00f3s os ataques coordenados lan\u00e7ados pelos Estados Unidos e por Israel contra alvos em Teer\u00e3 e outras cidades iranianas.<\/p>\n\n\n\n<p>A decis\u00e3o foi tomada por uma junta de lideran\u00e7as, conhecida como Conselho de Peritos, que assumiu interinamente o poder no pa\u00eds persa, composto pelo pelo presidente do Ir\u00e3, Masoud Pezeshkian, pelo chefe do Judici\u00e1rio iraniano, Gholamhossein Mohseni Ejei, e pelo aiatol\u00e1 Alireza Arafi, membro do Conselho de Guardi\u00e3es do regime.<\/p>\n\n\n\n<p>Apesar do an\u00fancio oficial, ainda n\u00e3o se sabe qual foi o nome escolhido pelo conselho de lideran\u00e7a iraniano.<\/p>\n\n\n\n<p>Ali Khamenei foi morto no dia 28 de fevereiro, ap\u00f3s ataques coordenados pelos EUA e por Israel. Al\u00e9m de Khamenei, no poder desde 1989, quando substituiu Ruhollah Musavi Khomeini, sua filha, o genro e o neto tamb\u00e9m foram mortos nos bombardeios.<\/p>\n\n\n\n<p>A ofensiva que resultou na morte de Khamenei ocorreu em meio \u00e0 escalada militar entre Ir\u00e3, Estados Unidos e Israel, e j\u00e1 deixou centenas de mortos, segundo autoridades locais.<\/p>\n\n\n\n<p>&#8220;O assassinato do mais alto cargo pol\u00edtico da Rep\u00fablica Isl\u00e2mica do Ir\u00e3 e destacado l\u00edder e autoridade religiosa do mundo xiita, por parte do maldito eixo americano-sionista, \u00e9 considerado uma declara\u00e7\u00e3o aberta de guerra contra os mu\u00e7ulmanos, especialmente os xiitas em todos os cantos do mundo&#8221;, disse o presidente iraniano, Masoud Pezeshkian, em um comunicado \u00e0 \u00e9poca do assassinato de Khamenei.<\/p>\n\n\n\n<p>Gazetadopovo<\/p>\n","protected":false},"excerpt":{"rendered":"<p>O regime do Ir\u00e3 anunciou neste domingo (8) que um novo l\u00edder supremo foi escolhido para suceder Ali Khamenei, morto ap\u00f3s os ataques coordenados lan\u00e7ados pelos Estados Unidos e por Israel contra alvos em Teer\u00e3 e outras cidades iranianas. A decis\u00e3o foi tomada por uma junta de lideran\u00e7as, conhecida como Conselho de Peritos, que assumiu [&hellip;]<\/p>\n","protected":false},"author":2,"featured_media":20824,"comment_status":"closed","ping_status":"closed","sticky":false,"template":"","format":"standard","meta":{"_monsterinsights_skip_tracking":false,"_monsterinsights_sitenote_active":false,"_monsterinsights_sitenote_note":"","_monsterinsights_sitenote_category":0,"footnotes":""},"categories":[38,49,1],"tags":[],"_links":{"self":[{"href":"https:\/\/nazarenonews.com.br\/index.php\/wp-json\/wp\/v2\/posts\/20823"}],"collection":[{"href":"https:\/\/nazarenonews.com.br\/index.php\/wp-json\/wp\/v2\/posts"}],"about":[{"href":"https:\/\/nazarenonews.com.br\/index.php\/wp-json\/wp\/v2\/types\/post"}],"author":[{"embeddable":true,"href":"https:\/\/nazarenonews.com.br\/index.php\/wp-json\/wp\/v2\/users\/2"}],"replies":[{"embeddable":true,"href":"https:\/\/nazarenonews.com.br\/index.php\/wp-json\/wp\/v2\/comments?post=20823"}],"version-history":[{"count":1,"href":"https:\/\/nazarenonews.com.br\/index.php\/wp-json\/wp\/v2\/posts\/20823\/revisions"}],"predecessor-version":[{"id":20825,"href":"https:\/\/nazarenonews.com.br\/index.php\/wp-json\/wp\/v2\/posts\/20823\/revisions\/20825"}],"wp:featuredmedia":[{"embeddable":true,"href":"https:\/\/nazarenonews.com.br\/index.php\/wp-json\/wp\/v2\/media\/20824"}],"wp:attachment":[{"href":"https:\/\/nazarenonews.com.br\/index.php\/wp-json\/wp\/v2\/media?parent=20823"}],"wp:term":[{"taxonomy":"category","embeddable":true,"href":"https:\/\/nazarenonews.com.br\/index.php\/wp-json\/wp\/v2\/categories?post=20823"},{"taxonomy":"post_tag","embeddable":true,"href":"https:\/\/nazarenonews.com.br\/index.php\/wp-json\/wp\/v2\/tags?post=20823"}],"curies":[{"name":"wp","href":"https:\/\/api.w.org\/{rel}","templated":true}]}}